{"id":68,"date":"2016-10-26T16:30:44","date_gmt":"2016-10-26T15:30:44","guid":{"rendered":"http:\/\/wp.catedu.es\/afdpiramidefp\/?p=68"},"modified":"2016-11-15T10:22:39","modified_gmt":"2016-11-15T09:22:39","slug":"taller-de-sensibilizacion-para-la-discapacidad-auditiva-alumnos-de-2o-afd","status":"publish","type":"post","link":"https:\/\/wp.catedu.es\/afdpiramidefp\/taller-de-sensibilizacion-para-la-discapacidad-auditiva-alumnos-de-2o-afd\/","title":{"rendered":"Taller de sensibilizaci\u00f3n para la discapacidad auditiva, alumnos de 2\u00ba AFD"},"content":{"rendered":"<p dir=\"ltr\" style=\"text-align: justify;\">El d\u00eda 18\/10\/2016, de 19 a 20 h los alumnos de 2\u00ba de AFD, participaron en un taller de sensibilizaci\u00f3n hacia la discapacidad auditiva. Contamos con la presencia de\u00a0dos int\u00e9rpretes de la ASZA (Asociaci\u00f3n de personas sordas de Zaragoza y Arag\u00f3n).<\/p>\n<p dir=\"ltr\" style=\"text-align: justify;\">Despu\u00e9s del taller, solicitaron que el centro\u00a0 dispusiera de dispositivos luminosos en las las aulas y los ba\u00f1os (en todos sus espacios) para indicar el cambio entre clases y como alarma, todo ello c\u00f3mo reivindicaci\u00f3n a la igualdad de condiciones.<\/p>\n<p style=\"text-align: justify;\">En ciclo Actividades F\u00edsicas Deportivas @afdpiramidefp taller sensibilizaci\u00f3n #discapacidad auditiva con alumnos.<\/p>\n<p><strong>Gracias a @AszaAragon.<\/strong><\/p>\n<p>&nbsp;<\/p>\n<p><img data-recalc-dims=\"1\" loading=\"lazy\" decoding=\"async\" class=\"size-medium wp-image-69 aligncenter\" src=\"https:\/\/i0.wp.com\/wp.catedu.es\/afdpiramidefp\/wp-content\/uploads\/sites\/59\/2016\/10\/TALLER.png?resize=300%2C223\" alt=\"TALLER\" width=\"300\" height=\"223\" srcset=\"https:\/\/i0.wp.com\/wp.catedu.es\/afdpiramidefp\/wp-content\/uploads\/sites\/59\/2016\/10\/TALLER.png?resize=300%2C223&amp;ssl=1 300w, https:\/\/i0.wp.com\/wp.catedu.es\/afdpiramidefp\/wp-content\/uploads\/sites\/59\/2016\/10\/TALLER.png?w=543&amp;ssl=1 543w\" sizes=\"auto, (max-width: 300px) 100vw, 300px\" \/><\/p>\n","protected":false},"excerpt":{"rendered":"<p>El d\u00eda 18\/10\/2016, de 19 a 20 h los alumnos de 2\u00ba de AFD, participaron en un taller de sensibilizaci\u00f3n hacia la discapacidad auditiva. Contamos con la presencia de\u00a0dos int\u00e9rpretes de la ASZA (Asociaci\u00f3n de personas sordas de Zaragoza y Arag\u00f3n). Despu\u00e9s del taller, solicitaron que el centro\u00a0 dispusiera de dispositivos luminosos en las las &hellip; <\/p>\n<p><a class=\"more-link btn\" href=\"https:\/\/wp.catedu.es\/afdpiramidefp\/taller-de-sensibilizacion-para-la-discapacidad-auditiva-alumnos-de-2o-afd\/\">Seguir leyendo<\/a><\/p>\n","protected":false},"author":5,"featured_media":0,"comment_status":"closed","ping_status":"closed","sticky":false,"template":"","format":"standard","meta":{"jetpack_post_was_ever_published":false,"_jetpack_newsletter_access":"","_jetpack_dont_email_post_to_subs":false,"_jetpack_newsletter_tier_id":0,"_jetpack_memberships_contains_paywalled_content":false,"_jetpack_memberships_contains_paid_content":false,"footnotes":"","jetpack_publicize_message":"","jetpack_publicize_feature_enabled":true,"jetpack_social_post_already_shared":true,"jetpack_social_options":{"image_generator_settings":{"template":"highway","default_image_id":0,"font":"","enabled":false},"version":2}},"categories":[19,11],"tags":[25,22,18,21,23,24,20],"class_list":["post-68","post","type-post","status-publish","format-standard","hentry","category-af-discapacitados","category-afd301","tag-25","tag-auditivos","tag-cpifp","tag-discapacitados","tag-piramode-afdpiramidefp","tag-segundo","tag-taller","item-wrap"],"jetpack_publicize_connections":[],"jetpack_featured_media_url":"","jetpack_sharing_enabled":true,"jetpack_shortlink":"https:\/\/wp.me\/p7Vg2L-16","jetpack-related-posts":[],"_links":{"self":[{"href":"https:\/\/wp.catedu.es\/afdpiramidefp\/wp-json\/wp\/v2\/posts\/68","targetHints":{"allow":["GET"]}}],"collection":[{"href":"https:\/\/wp.catedu.es\/afdpiramidefp\/wp-json\/wp\/v2\/posts"}],"about":[{"href":"https:\/\/wp.catedu.es\/afdpiramidefp\/wp-json\/wp\/v2\/types\/post"}],"author":[{"embeddable":true,"href":"https:\/\/wp.catedu.es\/afdpiramidefp\/wp-json\/wp\/v2\/users\/5"}],"replies":[{"embeddable":true,"href":"https:\/\/wp.catedu.es\/afdpiramidefp\/wp-json\/wp\/v2\/comments?post=68"}],"version-history":[{"count":2,"href":"https:\/\/wp.catedu.es\/afdpiramidefp\/wp-json\/wp\/v2\/posts\/68\/revisions"}],"predecessor-version":[{"id":84,"href":"https:\/\/wp.catedu.es\/afdpiramidefp\/wp-json\/wp\/v2\/posts\/68\/revisions\/84"}],"wp:attachment":[{"href":"https:\/\/wp.catedu.es\/afdpiramidefp\/wp-json\/wp\/v2\/media?parent=68"}],"wp:term":[{"taxonomy":"category","embeddable":true,"href":"https:\/\/wp.catedu.es\/afdpiramidefp\/wp-json\/wp\/v2\/categories?post=68"},{"taxonomy":"post_tag","embeddable":true,"href":"https:\/\/wp.catedu.es\/afdpiramidefp\/wp-json\/wp\/v2\/tags?post=68"}],"curies":[{"name":"wp","href":"https:\/\/api.w.org\/{rel}","templated":true}]}}