{"id":623,"date":"2026-01-20T13:27:51","date_gmt":"2026-01-20T12:27:51","guid":{"rendered":"https:\/\/wp.catedu.es\/atenciontempranahuesca\/?p=623"},"modified":"2026-01-20T13:29:39","modified_gmt":"2026-01-20T12:29:39","slug":"formacion-a-familias-e-i-dga-ntra-sra-de-san-lorenzo-huesca","status":"publish","type":"post","link":"https:\/\/wp.catedu.es\/atenciontempranahuesca\/formacion-a-familias-e-i-dga-ntra-sra-de-san-lorenzo-huesca\/","title":{"rendered":"Formaci\u00f3n a familias E.I. DGA Ntra. Sra. de San Lorenzo (Huesca)"},"content":{"rendered":"<p>El lunes 19 de enero estuvimos en la\u00a0<span style=\"color: #ff6600\"><strong>Escuela Infantil DGA Nuestra Se\u00f1ora de San Lorenzo de Huesca\u00a0<\/strong><\/span><span style=\"color: #333333\">realizando una formaci\u00f3n para familias sobre el <span style=\"color: #ff6600\">desarrollo socioemocional<span style=\"color: #333333\"> de 0 a 3 a\u00f1os.\u00a0<\/span><\/span><\/span><\/p>\n<p>La gesti\u00f3n de emociones es uno de los asuntos que m\u00e1s preocupa a las familias, especialmente en momentos de desregulaci\u00f3n, en los que se pueden producir situaciones como las rabietas. La corregulaci\u00f3n, la mentalizaci\u00f3n, el uso de estrategias como la herramienta S.T.O.P. , los l\u00edmites respetuosos o el juego han sido algunos de los temas tratados.<\/p>\n<p>Gracias a la escuela infantil por su apoyo en el desarrollo de la charla y a todas las familias asistentes.<\/p>\n<p><img loading=\"lazy\" decoding=\"async\" class=\"wp-image-624 aligncenter\" src=\"http:\/\/wp.catedu.es\/atenciontempranahuesca\/wp-content\/uploads\/sites\/161\/2026\/01\/IMG_20260119_160702-300x225.jpg\" alt=\"\" width=\"345\" height=\"259\" srcset=\"https:\/\/wp.catedu.es\/atenciontempranahuesca\/wp-content\/uploads\/sites\/161\/2026\/01\/IMG_20260119_160702-300x225.jpg 300w, https:\/\/wp.catedu.es\/atenciontempranahuesca\/wp-content\/uploads\/sites\/161\/2026\/01\/IMG_20260119_160702-1024x768.jpg 1024w, https:\/\/wp.catedu.es\/atenciontempranahuesca\/wp-content\/uploads\/sites\/161\/2026\/01\/IMG_20260119_160702-768x576.jpg 768w, https:\/\/wp.catedu.es\/atenciontempranahuesca\/wp-content\/uploads\/sites\/161\/2026\/01\/IMG_20260119_160702-1536x1152.jpg 1536w, https:\/\/wp.catedu.es\/atenciontempranahuesca\/wp-content\/uploads\/sites\/161\/2026\/01\/IMG_20260119_160702-2048x1536.jpg 2048w, https:\/\/wp.catedu.es\/atenciontempranahuesca\/wp-content\/uploads\/sites\/161\/2026\/01\/IMG_20260119_160702-750x563.jpg 750w\" sizes=\"auto, (max-width: 345px) 100vw, 345px\" \/><\/p>\n<p><img loading=\"lazy\" decoding=\"async\" class=\"wp-image-625 aligncenter\" src=\"http:\/\/wp.catedu.es\/atenciontempranahuesca\/wp-content\/uploads\/sites\/161\/2026\/01\/IMG-20260119-WA0010_edit_899947047616852-300x267.jpg\" alt=\"\" width=\"345\" height=\"307\" srcset=\"https:\/\/wp.catedu.es\/atenciontempranahuesca\/wp-content\/uploads\/sites\/161\/2026\/01\/IMG-20260119-WA0010_edit_899947047616852-300x267.jpg 300w, https:\/\/wp.catedu.es\/atenciontempranahuesca\/wp-content\/uploads\/sites\/161\/2026\/01\/IMG-20260119-WA0010_edit_899947047616852-1024x910.jpg 1024w, https:\/\/wp.catedu.es\/atenciontempranahuesca\/wp-content\/uploads\/sites\/161\/2026\/01\/IMG-20260119-WA0010_edit_899947047616852-768x683.jpg 768w, https:\/\/wp.catedu.es\/atenciontempranahuesca\/wp-content\/uploads\/sites\/161\/2026\/01\/IMG-20260119-WA0010_edit_899947047616852-1536x1365.jpg 1536w, https:\/\/wp.catedu.es\/atenciontempranahuesca\/wp-content\/uploads\/sites\/161\/2026\/01\/IMG-20260119-WA0010_edit_899947047616852-750x667.jpg 750w, https:\/\/wp.catedu.es\/atenciontempranahuesca\/wp-content\/uploads\/sites\/161\/2026\/01\/IMG-20260119-WA0010_edit_899947047616852.jpg 1728w\" sizes=\"auto, (max-width: 345px) 100vw, 345px\" \/><\/p>\n","protected":false},"excerpt":{"rendered":"<p>El lunes 19 de enero estuvimos en la\u00a0Escuela Infantil DGA Nuestra Se\u00f1ora de San Lorenzo de Huesca\u00a0realizando una formaci\u00f3n para familias sobre el desarrollo socioemocional de 0 a 3 a\u00f1os.\u00a0 La gesti\u00f3n de emociones es uno de los asuntos que m\u00e1s preocupa a las familias, especialmente en momentos de desregulaci\u00f3n, en los que se pueden &hellip; <\/p>\n<p><a class=\"more-link btn\" href=\"https:\/\/wp.catedu.es\/atenciontempranahuesca\/formacion-a-familias-e-i-dga-ntra-sra-de-san-lorenzo-huesca\/\">Seguir leyendo<\/a><\/p>\n","protected":false},"author":305,"featured_media":0,"comment_status":"open","ping_status":"closed","sticky":false,"template":"","format":"standard","meta":{"footnotes":""},"categories":[4,3,5],"tags":[],"class_list":["post-623","post","type-post","status-publish","format-standard","hentry","category-escuelas-infantiles","category-familias","category-noticias","item-wrap"],"_links":{"self":[{"href":"https:\/\/wp.catedu.es\/atenciontempranahuesca\/wp-json\/wp\/v2\/posts\/623","targetHints":{"allow":["GET"]}}],"collection":[{"href":"https:\/\/wp.catedu.es\/atenciontempranahuesca\/wp-json\/wp\/v2\/posts"}],"about":[{"href":"https:\/\/wp.catedu.es\/atenciontempranahuesca\/wp-json\/wp\/v2\/types\/post"}],"author":[{"embeddable":true,"href":"https:\/\/wp.catedu.es\/atenciontempranahuesca\/wp-json\/wp\/v2\/users\/305"}],"replies":[{"embeddable":true,"href":"https:\/\/wp.catedu.es\/atenciontempranahuesca\/wp-json\/wp\/v2\/comments?post=623"}],"version-history":[{"count":2,"href":"https:\/\/wp.catedu.es\/atenciontempranahuesca\/wp-json\/wp\/v2\/posts\/623\/revisions"}],"predecessor-version":[{"id":627,"href":"https:\/\/wp.catedu.es\/atenciontempranahuesca\/wp-json\/wp\/v2\/posts\/623\/revisions\/627"}],"wp:attachment":[{"href":"https:\/\/wp.catedu.es\/atenciontempranahuesca\/wp-json\/wp\/v2\/media?parent=623"}],"wp:term":[{"taxonomy":"category","embeddable":true,"href":"https:\/\/wp.catedu.es\/atenciontempranahuesca\/wp-json\/wp\/v2\/categories?post=623"},{"taxonomy":"post_tag","embeddable":true,"href":"https:\/\/wp.catedu.es\/atenciontempranahuesca\/wp-json\/wp\/v2\/tags?post=623"}],"curies":[{"name":"wp","href":"https:\/\/api.w.org\/{rel}","templated":true}]}}