{"id":329,"date":"2016-02-24T13:22:14","date_gmt":"2016-02-24T12:22:14","guid":{"rendered":"http:\/\/wp.catedu.es\/bibliotecaceipemilianolabarta\/?p=329"},"modified":"2016-02-24T13:47:47","modified_gmt":"2016-02-24T12:47:47","slug":"raul-vacas-nos-visita","status":"publish","type":"post","link":"https:\/\/wp.catedu.es\/bibliotecaceipemilianolabarta\/raul-vacas-nos-visita\/","title":{"rendered":"Ra\u00fal Vacas nos visita."},"content":{"rendered":"<p><a href=\"http:\/\/wp.catedu.es\/bibliotecaceipemilianolabarta\/wp-content\/uploads\/sites\/20\/2016\/02\/IMG_20160217_111315.jpg\" rel=\"attachment wp-att-330\"><img loading=\"lazy\" decoding=\"async\" data-attachment-id=\"330\" data-permalink=\"https:\/\/wp.catedu.es\/bibliotecaceipemilianolabarta\/raul-vacas-nos-visita\/img_20160217_111315\/\" data-orig-file=\"https:\/\/wp.catedu.es\/bibliotecaceipemilianolabarta\/wp-content\/uploads\/sites\/20\/2016\/02\/IMG_20160217_111315.jpg\" data-orig-size=\"4224,3168\" data-comments-opened=\"0\" data-image-meta=\"{&quot;aperture&quot;:&quot;0&quot;,&quot;credit&quot;:&quot;&quot;,&quot;camera&quot;:&quot;&quot;,&quot;caption&quot;:&quot;&quot;,&quot;created_timestamp&quot;:&quot;0&quot;,&quot;copyright&quot;:&quot;&quot;,&quot;focal_length&quot;:&quot;0&quot;,&quot;iso&quot;:&quot;0&quot;,&quot;shutter_speed&quot;:&quot;0&quot;,&quot;title&quot;:&quot;&quot;,&quot;orientation&quot;:&quot;0&quot;}\" data-image-title=\"IMG_20160217_111315\" data-image-description=\"\" data-image-caption=\"\" data-large-file=\"https:\/\/wp.catedu.es\/bibliotecaceipemilianolabarta\/wp-content\/uploads\/sites\/20\/2016\/02\/IMG_20160217_111315-1024x768.jpg\" class=\"alignnone size-medium wp-image-330\" src=\"http:\/\/wp.catedu.es\/bibliotecaceipemilianolabarta\/wp-content\/uploads\/sites\/20\/2016\/02\/IMG_20160217_111315-300x225.jpg\" alt=\"IMG_20160217_111315\" width=\"300\" height=\"225\" srcset=\"https:\/\/wp.catedu.es\/bibliotecaceipemilianolabarta\/wp-content\/uploads\/sites\/20\/2016\/02\/IMG_20160217_111315-300x225.jpg 300w, https:\/\/wp.catedu.es\/bibliotecaceipemilianolabarta\/wp-content\/uploads\/sites\/20\/2016\/02\/IMG_20160217_111315-1024x768.jpg 1024w, https:\/\/wp.catedu.es\/bibliotecaceipemilianolabarta\/wp-content\/uploads\/sites\/20\/2016\/02\/IMG_20160217_111315-100x75.jpg 100w, https:\/\/wp.catedu.es\/bibliotecaceipemilianolabarta\/wp-content\/uploads\/sites\/20\/2016\/02\/IMG_20160217_111315-150x113.jpg 150w, https:\/\/wp.catedu.es\/bibliotecaceipemilianolabarta\/wp-content\/uploads\/sites\/20\/2016\/02\/IMG_20160217_111315-200x150.jpg 200w, https:\/\/wp.catedu.es\/bibliotecaceipemilianolabarta\/wp-content\/uploads\/sites\/20\/2016\/02\/IMG_20160217_111315-450x338.jpg 450w, https:\/\/wp.catedu.es\/bibliotecaceipemilianolabarta\/wp-content\/uploads\/sites\/20\/2016\/02\/IMG_20160217_111315-600x450.jpg 600w, https:\/\/wp.catedu.es\/bibliotecaceipemilianolabarta\/wp-content\/uploads\/sites\/20\/2016\/02\/IMG_20160217_111315-900x675.jpg 900w\" sizes=\"auto, (max-width: 300px) 100vw, 300px\" \/><\/a><\/p>\n<p>Este curso hemos tenido la suerte de recibir la visita de <a href=\"http:\/\/raulvacaspolo.blogspot.com.es\/\">Ra\u00fal Vacas<\/a> dos veces.<\/p>\n<p>La primera vez, realiz\u00f3 un taller de escritura para los alumnos de 3er ciclo de primaria, centr\u00e1ndose especialmente en \u00a0la creaci\u00f3n po\u00e9tica.<\/p>\n<p>En esta segunda visita, \u00a0ha trabajado la poes\u00eda con los ni\u00f1os de 1\u00ba de primaria, deleit\u00e1ndonos con poemas de \u00ab<a href=\"http:\/\/www.edelvives.com\/literatura\/ala-delta-literatura-infantil\/1-ala-delta-serie-roja-5-anos\/abece-diario\">Abec\u00e9 diario<\/a>\u00bb o <a href=\"http:\/\/raulvacaspolo.blogspot.com.es\/2010\/07\/ninos-raros.html\">\u00abNi\u00f1os Raros\u00bb<\/a>.\u00a0Adem\u00e1s, ha \u00a0realizado una animaci\u00f3n del libro de Ignacio Sanz \u00abUna vaca, dos ni\u00f1os y trescientos ruise\u00f1ores\u00bb para los alumnos de 4\u00ba de primaria.<\/p>\n<p>\u00a1Nos encanta que nos visite Ra\u00fal y sobretodo su poes\u00eda!<\/p>\n","protected":false},"excerpt":{"rendered":"<p>Este curso hemos tenido la suerte de recibir la visita de Ra\u00fal Vacas dos veces. La primera vez, realiz\u00f3 un taller de escritura para los alumnos de 3er ciclo de primaria, centr\u00e1ndose especialmente en \u00a0la creaci\u00f3n po\u00e9tica. En esta segunda &hellip;<\/p>\n<p class=\"read-more\"> <a class=\"more-link\" href=\"https:\/\/wp.catedu.es\/bibliotecaceipemilianolabarta\/raul-vacas-nos-visita\/\"> <span class=\"screen-reader-text\">Ra\u00fal Vacas nos visita.<\/span> Leer m\u00e1s \u00bb<\/a><\/p>\n","protected":false},"author":65,"featured_media":0,"comment_status":"closed","ping_status":"closed","sticky":false,"template":"","format":"standard","meta":{"jetpack_post_was_ever_published":false,"_jetpack_newsletter_access":"","_jetpack_dont_email_post_to_subs":false,"_jetpack_newsletter_tier_id":0,"_jetpack_memberships_contains_paywalled_content":false,"_jetpack_memberships_contains_paid_content":false,"footnotes":"","jetpack_publicize_message":"","jetpack_publicize_feature_enabled":true,"jetpack_social_post_already_shared":true,"jetpack_social_options":{"image_generator_settings":{"template":"highway","default_image_id":0,"font":"","enabled":false},"version":2}},"categories":[2],"tags":[32,33],"class_list":["post-329","post","type-post","status-publish","format-standard","hentry","category-noticias","tag-autor","tag-poesia"],"jetpack_publicize_connections":[],"jetpack_featured_media_url":"","jetpack_sharing_enabled":true,"jetpack_shortlink":"https:\/\/wp.me\/p64L9T-5j","jetpack-related-posts":[],"jetpack_likes_enabled":true,"_links":{"self":[{"href":"https:\/\/wp.catedu.es\/bibliotecaceipemilianolabarta\/wp-json\/wp\/v2\/posts\/329","targetHints":{"allow":["GET"]}}],"collection":[{"href":"https:\/\/wp.catedu.es\/bibliotecaceipemilianolabarta\/wp-json\/wp\/v2\/posts"}],"about":[{"href":"https:\/\/wp.catedu.es\/bibliotecaceipemilianolabarta\/wp-json\/wp\/v2\/types\/post"}],"author":[{"embeddable":true,"href":"https:\/\/wp.catedu.es\/bibliotecaceipemilianolabarta\/wp-json\/wp\/v2\/users\/65"}],"replies":[{"embeddable":true,"href":"https:\/\/wp.catedu.es\/bibliotecaceipemilianolabarta\/wp-json\/wp\/v2\/comments?post=329"}],"version-history":[{"count":4,"href":"https:\/\/wp.catedu.es\/bibliotecaceipemilianolabarta\/wp-json\/wp\/v2\/posts\/329\/revisions"}],"predecessor-version":[{"id":337,"href":"https:\/\/wp.catedu.es\/bibliotecaceipemilianolabarta\/wp-json\/wp\/v2\/posts\/329\/revisions\/337"}],"wp:attachment":[{"href":"https:\/\/wp.catedu.es\/bibliotecaceipemilianolabarta\/wp-json\/wp\/v2\/media?parent=329"}],"wp:term":[{"taxonomy":"category","embeddable":true,"href":"https:\/\/wp.catedu.es\/bibliotecaceipemilianolabarta\/wp-json\/wp\/v2\/categories?post=329"},{"taxonomy":"post_tag","embeddable":true,"href":"https:\/\/wp.catedu.es\/bibliotecaceipemilianolabarta\/wp-json\/wp\/v2\/tags?post=329"}],"curies":[{"name":"wp","href":"https:\/\/api.w.org\/{rel}","templated":true}]}}