{"id":1038,"date":"2023-05-16T20:04:19","date_gmt":"2023-05-16T18:04:19","guid":{"rendered":"https:\/\/wp.catedu.es\/bibliotecaiesillueca\/?p=1038"},"modified":"2023-05-16T20:08:08","modified_gmt":"2023-05-16T18:08:08","slug":"poesia-no-23","status":"publish","type":"post","link":"https:\/\/wp.catedu.es\/bibliotecaiesillueca\/poesia-no-23\/","title":{"rendered":"POES\u00edA N\u00ba 23"},"content":{"rendered":"<p>Se acerca el final del curso y tambi\u00e9n nuestro programa de Poes\u00eda Para Llevar finaliza. Ahora os toca a vosotros realizar un poema, en el n\u00ba 23 deber\u00e9is escribir un poema, puede ser creaci\u00f3n vuestra o pod\u00e9is buscar un poema que os guste y copiarlo. Detr\u00e1s realizar\u00e9is diferentes comentarios sobre este poema.<\/p>\n<p>Finalmente deber\u00e9is realizar una colecci\u00f3n encuadernada con todos los poemas\u00a0 y se la entregar\u00e9is a vuestro profesor o profesora de Lengua, ya sab\u00e9is que vuestra nota se ver\u00e1 incrementada a final de curso si realiz\u00e1is una bonita colecci\u00f3n.<\/p>\n<p><a href=\"http:\/\/wp.catedu.es\/bibliotecaiesillueca\/wp-content\/uploads\/sites\/200\/2023\/05\/JPG_ppll2223_23_Cara-A_poema-en-blanco-1.jpg\"><img loading=\"lazy\" decoding=\"async\" class=\"aligncenter size-large wp-image-1048\" src=\"http:\/\/wp.catedu.es\/bibliotecaiesillueca\/wp-content\/uploads\/sites\/200\/2023\/05\/JPG_ppll2223_23_Cara-A_poema-en-blanco-1-724x1024.jpg\" alt=\"\" width=\"724\" height=\"1024\" srcset=\"https:\/\/wp.catedu.es\/bibliotecaiesillueca\/wp-content\/uploads\/sites\/200\/2023\/05\/JPG_ppll2223_23_Cara-A_poema-en-blanco-1-724x1024.jpg 724w, https:\/\/wp.catedu.es\/bibliotecaiesillueca\/wp-content\/uploads\/sites\/200\/2023\/05\/JPG_ppll2223_23_Cara-A_poema-en-blanco-1-212x300.jpg 212w, https:\/\/wp.catedu.es\/bibliotecaiesillueca\/wp-content\/uploads\/sites\/200\/2023\/05\/JPG_ppll2223_23_Cara-A_poema-en-blanco-1-768x1086.jpg 768w, https:\/\/wp.catedu.es\/bibliotecaiesillueca\/wp-content\/uploads\/sites\/200\/2023\/05\/JPG_ppll2223_23_Cara-A_poema-en-blanco-1-1086x1536.jpg 1086w, https:\/\/wp.catedu.es\/bibliotecaiesillueca\/wp-content\/uploads\/sites\/200\/2023\/05\/JPG_ppll2223_23_Cara-A_poema-en-blanco-1-163x230.jpg 163w, https:\/\/wp.catedu.es\/bibliotecaiesillueca\/wp-content\/uploads\/sites\/200\/2023\/05\/JPG_ppll2223_23_Cara-A_poema-en-blanco-1.jpg 1241w\" sizes=\"auto, (max-width: 724px) 100vw, 724px\" \/><\/a><\/p>\n<p><a href=\"http:\/\/wp.catedu.es\/bibliotecaiesillueca\/wp-content\/uploads\/sites\/200\/2023\/05\/JPG_ppll2223_23_Cara-B_poema-en-blanco.jpg\"><img loading=\"lazy\" decoding=\"async\" class=\"wp-image-1049 aligncenter\" src=\"http:\/\/wp.catedu.es\/bibliotecaiesillueca\/wp-content\/uploads\/sites\/200\/2023\/05\/JPG_ppll2223_23_Cara-B_poema-en-blanco-724x1024.jpg\" alt=\"\" width=\"546\" height=\"773\" srcset=\"https:\/\/wp.catedu.es\/bibliotecaiesillueca\/wp-content\/uploads\/sites\/200\/2023\/05\/JPG_ppll2223_23_Cara-B_poema-en-blanco-724x1024.jpg 724w, https:\/\/wp.catedu.es\/bibliotecaiesillueca\/wp-content\/uploads\/sites\/200\/2023\/05\/JPG_ppll2223_23_Cara-B_poema-en-blanco-212x300.jpg 212w, https:\/\/wp.catedu.es\/bibliotecaiesillueca\/wp-content\/uploads\/sites\/200\/2023\/05\/JPG_ppll2223_23_Cara-B_poema-en-blanco-768x1086.jpg 768w, https:\/\/wp.catedu.es\/bibliotecaiesillueca\/wp-content\/uploads\/sites\/200\/2023\/05\/JPG_ppll2223_23_Cara-B_poema-en-blanco-1086x1536.jpg 1086w, https:\/\/wp.catedu.es\/bibliotecaiesillueca\/wp-content\/uploads\/sites\/200\/2023\/05\/JPG_ppll2223_23_Cara-B_poema-en-blanco-163x230.jpg 163w, https:\/\/wp.catedu.es\/bibliotecaiesillueca\/wp-content\/uploads\/sites\/200\/2023\/05\/JPG_ppll2223_23_Cara-B_poema-en-blanco.jpg 1241w\" sizes=\"auto, (max-width: 546px) 100vw, 546px\" \/><\/a><\/p>\n<p>&nbsp;<\/p>\n<p>Puedes descargar en este enlace:<\/p>\n<p><a href=\"https:\/\/docs.google.com\/viewerng\/viewer?url=http:\/\/wp.catedu.es\/bibliotecaiesillueca\/wp-content\/uploads\/sites\/200\/2023\/05\/PPLL2223_23_poema-en-blanco.pdf&amp;hl=es\" target=\"_blank\" rel=\"noopener\">descargar Poema n\u00ba 23<\/a><\/p>\n<p>&nbsp;<\/p>\n","protected":false},"excerpt":{"rendered":"<p>Se acerca el final del curso y tambi\u00e9n nuestro programa de Poes\u00eda Para Llevar finaliza. Ahora os toca a vosotros realizar un poema, en el n\u00ba 23 deber\u00e9is escribir un poema, puede ser creaci\u00f3n vuestra o pod\u00e9is buscar un poema que os guste y copiarlo. Detr\u00e1s realizar\u00e9is diferentes comentarios sobre este poema. Finalmente deber\u00e9is realizar [&hellip;]<\/p>\n","protected":false},"author":358,"featured_media":0,"comment_status":"open","ping_status":"closed","sticky":false,"template":"","format":"standard","meta":{"footnotes":""},"categories":[9,8],"tags":[],"class_list":["post-1038","post","type-post","status-publish","format-standard","hentry","category-blog","category-poesia-para-llevar"],"_links":{"self":[{"href":"https:\/\/wp.catedu.es\/bibliotecaiesillueca\/wp-json\/wp\/v2\/posts\/1038","targetHints":{"allow":["GET"]}}],"collection":[{"href":"https:\/\/wp.catedu.es\/bibliotecaiesillueca\/wp-json\/wp\/v2\/posts"}],"about":[{"href":"https:\/\/wp.catedu.es\/bibliotecaiesillueca\/wp-json\/wp\/v2\/types\/post"}],"author":[{"embeddable":true,"href":"https:\/\/wp.catedu.es\/bibliotecaiesillueca\/wp-json\/wp\/v2\/users\/358"}],"replies":[{"embeddable":true,"href":"https:\/\/wp.catedu.es\/bibliotecaiesillueca\/wp-json\/wp\/v2\/comments?post=1038"}],"version-history":[{"count":22,"href":"https:\/\/wp.catedu.es\/bibliotecaiesillueca\/wp-json\/wp\/v2\/posts\/1038\/revisions"}],"predecessor-version":[{"id":1066,"href":"https:\/\/wp.catedu.es\/bibliotecaiesillueca\/wp-json\/wp\/v2\/posts\/1038\/revisions\/1066"}],"wp:attachment":[{"href":"https:\/\/wp.catedu.es\/bibliotecaiesillueca\/wp-json\/wp\/v2\/media?parent=1038"}],"wp:term":[{"taxonomy":"category","embeddable":true,"href":"https:\/\/wp.catedu.es\/bibliotecaiesillueca\/wp-json\/wp\/v2\/categories?post=1038"},{"taxonomy":"post_tag","embeddable":true,"href":"https:\/\/wp.catedu.es\/bibliotecaiesillueca\/wp-json\/wp\/v2\/tags?post=1038"}],"curies":[{"name":"wp","href":"https:\/\/api.w.org\/{rel}","templated":true}]}}