{"id":1233,"date":"2024-05-07T11:18:00","date_gmt":"2024-05-07T09:18:00","guid":{"rendered":"https:\/\/wp.catedu.es\/bibliotecaiesillueca\/?p=1233"},"modified":"2024-05-07T11:18:01","modified_gmt":"2024-05-07T09:18:01","slug":"poesia-para-llevar-no18-2","status":"publish","type":"post","link":"https:\/\/wp.catedu.es\/bibliotecaiesillueca\/poesia-para-llevar-no18-2\/","title":{"rendered":"Poes\u00eda para llevar n\u00ba18"},"content":{"rendered":"\n<p>Se acerca el final del curso po\u00e9tico 2023\/2024. Este es el pen\u00faltimo poema que enviamos. El SIES Pir\u00e1mide, de Almud\u00e9var, nos descubre con \u00abEstos desastres\u00bb la obra po\u00e9tica de la pintora\u00a0 Teresa Ram\u00f3n Jarne.\u00a0 El poema est\u00e1 incluido en su poemario\u00a0<em>Amar mata\u00a0<\/em>(2021).\u00a0<\/p>\n\n\n\n<figure class=\"wp-block-image size-large\"><img loading=\"lazy\" decoding=\"async\" width=\"724\" height=\"1024\" src=\"https:\/\/wp.catedu.es\/bibliotecaiesillueca\/wp-content\/uploads\/sites\/200\/2024\/05\/PPLL2324_jpg_18G_cara-A-724x1024.jpg\" alt=\"\" class=\"wp-image-1234\" srcset=\"https:\/\/wp.catedu.es\/bibliotecaiesillueca\/wp-content\/uploads\/sites\/200\/2024\/05\/PPLL2324_jpg_18G_cara-A-724x1024.jpg 724w, https:\/\/wp.catedu.es\/bibliotecaiesillueca\/wp-content\/uploads\/sites\/200\/2024\/05\/PPLL2324_jpg_18G_cara-A-212x300.jpg 212w, https:\/\/wp.catedu.es\/bibliotecaiesillueca\/wp-content\/uploads\/sites\/200\/2024\/05\/PPLL2324_jpg_18G_cara-A-768x1086.jpg 768w, https:\/\/wp.catedu.es\/bibliotecaiesillueca\/wp-content\/uploads\/sites\/200\/2024\/05\/PPLL2324_jpg_18G_cara-A-1086x1536.jpg 1086w, https:\/\/wp.catedu.es\/bibliotecaiesillueca\/wp-content\/uploads\/sites\/200\/2024\/05\/PPLL2324_jpg_18G_cara-A-163x230.jpg 163w, https:\/\/wp.catedu.es\/bibliotecaiesillueca\/wp-content\/uploads\/sites\/200\/2024\/05\/PPLL2324_jpg_18G_cara-A.jpg 1241w\" sizes=\"auto, (max-width: 724px) 100vw, 724px\" \/><\/figure>\n\n\n\n<figure class=\"wp-block-image size-large\"><img loading=\"lazy\" decoding=\"async\" width=\"724\" height=\"1024\" src=\"https:\/\/wp.catedu.es\/bibliotecaiesillueca\/wp-content\/uploads\/sites\/200\/2024\/05\/PPLL2324_jpg_18G_cara-B-724x1024.jpg\" alt=\"\" class=\"wp-image-1235\" srcset=\"https:\/\/wp.catedu.es\/bibliotecaiesillueca\/wp-content\/uploads\/sites\/200\/2024\/05\/PPLL2324_jpg_18G_cara-B-724x1024.jpg 724w, https:\/\/wp.catedu.es\/bibliotecaiesillueca\/wp-content\/uploads\/sites\/200\/2024\/05\/PPLL2324_jpg_18G_cara-B-212x300.jpg 212w, https:\/\/wp.catedu.es\/bibliotecaiesillueca\/wp-content\/uploads\/sites\/200\/2024\/05\/PPLL2324_jpg_18G_cara-B-768x1086.jpg 768w, https:\/\/wp.catedu.es\/bibliotecaiesillueca\/wp-content\/uploads\/sites\/200\/2024\/05\/PPLL2324_jpg_18G_cara-B-1086x1536.jpg 1086w, https:\/\/wp.catedu.es\/bibliotecaiesillueca\/wp-content\/uploads\/sites\/200\/2024\/05\/PPLL2324_jpg_18G_cara-B-163x230.jpg 163w, https:\/\/wp.catedu.es\/bibliotecaiesillueca\/wp-content\/uploads\/sites\/200\/2024\/05\/PPLL2324_jpg_18G_cara-B.jpg 1241w\" sizes=\"auto, (max-width: 724px) 100vw, 724px\" \/><\/figure>\n","protected":false},"excerpt":{"rendered":"<p>Se acerca el final del curso po\u00e9tico 2023\/2024. Este es el pen\u00faltimo poema que enviamos. El SIES Pir\u00e1mide, de Almud\u00e9var, nos descubre con \u00abEstos desastres\u00bb la obra po\u00e9tica de la pintora\u00a0 Teresa Ram\u00f3n Jarne.\u00a0 El poema est\u00e1 incluido en su poemario\u00a0Amar mata\u00a0(2021).\u00a0<\/p>\n","protected":false},"author":358,"featured_media":0,"comment_status":"open","ping_status":"closed","sticky":false,"template":"","format":"standard","meta":{"footnotes":""},"categories":[9],"tags":[],"class_list":["post-1233","post","type-post","status-publish","format-standard","hentry","category-blog"],"_links":{"self":[{"href":"https:\/\/wp.catedu.es\/bibliotecaiesillueca\/wp-json\/wp\/v2\/posts\/1233","targetHints":{"allow":["GET"]}}],"collection":[{"href":"https:\/\/wp.catedu.es\/bibliotecaiesillueca\/wp-json\/wp\/v2\/posts"}],"about":[{"href":"https:\/\/wp.catedu.es\/bibliotecaiesillueca\/wp-json\/wp\/v2\/types\/post"}],"author":[{"embeddable":true,"href":"https:\/\/wp.catedu.es\/bibliotecaiesillueca\/wp-json\/wp\/v2\/users\/358"}],"replies":[{"embeddable":true,"href":"https:\/\/wp.catedu.es\/bibliotecaiesillueca\/wp-json\/wp\/v2\/comments?post=1233"}],"version-history":[{"count":1,"href":"https:\/\/wp.catedu.es\/bibliotecaiesillueca\/wp-json\/wp\/v2\/posts\/1233\/revisions"}],"predecessor-version":[{"id":1236,"href":"https:\/\/wp.catedu.es\/bibliotecaiesillueca\/wp-json\/wp\/v2\/posts\/1233\/revisions\/1236"}],"wp:attachment":[{"href":"https:\/\/wp.catedu.es\/bibliotecaiesillueca\/wp-json\/wp\/v2\/media?parent=1233"}],"wp:term":[{"taxonomy":"category","embeddable":true,"href":"https:\/\/wp.catedu.es\/bibliotecaiesillueca\/wp-json\/wp\/v2\/categories?post=1233"},{"taxonomy":"post_tag","embeddable":true,"href":"https:\/\/wp.catedu.es\/bibliotecaiesillueca\/wp-json\/wp\/v2\/tags?post=1233"}],"curies":[{"name":"wp","href":"https:\/\/api.w.org\/{rel}","templated":true}]}}