{"id":1251,"date":"2025-11-12T14:00:05","date_gmt":"2025-11-12T13:00:05","guid":{"rendered":"https:\/\/wp.catedu.es\/bibliotecaiesillueca\/?p=1251"},"modified":"2026-02-02T19:28:39","modified_gmt":"2026-02-02T18:28:39","slug":"la-biblioteca-vuelve-a-cobrar-vida-%f0%9f%93%9a%e2%9c%a8","status":"publish","type":"post","link":"https:\/\/wp.catedu.es\/bibliotecaiesillueca\/la-biblioteca-vuelve-a-cobrar-vida-%f0%9f%93%9a%e2%9c%a8\/","title":{"rendered":"\u00a1La biblioteca vuelve a cobrar vida! \ud83d\udcda\u2728"},"content":{"rendered":"\n<p>\u00a1Hola a todos!<\/p>\n\n\n\n<p>Despu\u00e9s de un periodo de inactividad, nos hace much\u00edsima ilusi\u00f3n anunciaros que <strong>el blog de la biblioteca del instituto vuelve a estar con todos vosotros<\/strong>. Hemos echado de menos compartir lecturas, recomendaciones y ese rinc\u00f3n de calma entre clase y clase, pero \u00a1ya estamos de vuelta con las pilas cargadas!<\/p>\n\n\n\n<h3 class=\"wp-block-heading\"> Poes\u00eda para llevar: Tu cita semanal con los versos<\/h3>\n\n\n\n<p>Queremos retomar el contacto con algo muy especial. Como sab\u00e9is, nuestro centro participa en el programa <strong>&#8220;Poes\u00eda para llevar&#8221;<\/strong>, y no queremos que nadie se pierda ni un solo poema.<\/p>\n\n\n\n<p>Por eso, a partir de ahora, <strong>todas las semanas colgaremos en este blog el &#8220;Poema Semanal&#8221;<\/strong>.<\/p>\n\n\n\n<p>Nuestro objetivo es que:<\/p>\n\n\n\n<ul class=\"wp-block-list\">\n<li>Est\u00e9is al d\u00eda con las nuevas publicaciones del programa.<\/li>\n\n\n\n<li>Pod\u00e1is leer los poemas desde cualquier dispositivo (m\u00f3vil, tablet o PC).<\/li>\n\n\n\n<li>Teng\u00e1is un espacio para comentar qu\u00e9 os transmiten esos versos.<\/li>\n<\/ul>\n\n\n\n<h3 class=\"wp-block-heading\"> \u00a1No te lo pierdas! <strong>\u00a1P\u00e1sate por el blog cada semana y ll\u00e9vate tu dosis de poes\u00eda!<\/strong><\/h3>\n\n\n\n<p>Nos vemos por aqu\u00ed&#8230; y por supuesto, entre las estanter\u00edas de la biblioteca.<\/p>\n\n\n\n<p>Y aqu\u00ed os dejo el poema n\u00famero cero de este curso:<\/p>\n\n\n\n<div data-wp-interactive=\"core\/file\" class=\"wp-block-file\"><object data-wp-bind--hidden=\"!state.hasPdfPreview\" hidden class=\"wp-block-file__embed\" data=\"https:\/\/wp.catedu.es\/bibliotecaiesillueca\/wp-content\/uploads\/sites\/200\/2026\/02\/Dos-caras_PPLL2526_0_presentacioI\u0300_n.pdf\" type=\"application\/pdf\" style=\"width:100%;height:600px\" aria-label=\"Incrustado de Dos caras_PPLL2526_0_presentacioI\u0300_n.\"><\/object><a id=\"wp-block-file--media-38466e93-e743-4a27-b2dc-c2286562e144\" href=\"https:\/\/wp.catedu.es\/bibliotecaiesillueca\/wp-content\/uploads\/sites\/200\/2026\/02\/Dos-caras_PPLL2526_0_presentacioI\u0300_n.pdf\">Dos caras_PPLL2526_0_presentacioI\u0300_n<\/a><a href=\"https:\/\/wp.catedu.es\/bibliotecaiesillueca\/wp-content\/uploads\/sites\/200\/2026\/02\/Dos-caras_PPLL2526_0_presentacioI\u0300_n.pdf\" class=\"wp-block-file__button wp-element-button\" download aria-describedby=\"wp-block-file--media-38466e93-e743-4a27-b2dc-c2286562e144\">Descarga<\/a><\/div>\n\n\n\n<p><\/p>\n","protected":false},"excerpt":{"rendered":"<p>\u00a1Hola a todos! Despu\u00e9s de un periodo de inactividad, nos hace much\u00edsima ilusi\u00f3n anunciaros que el blog de la biblioteca del instituto vuelve a estar con todos vosotros. Hemos echado de menos compartir lecturas, recomendaciones y ese rinc\u00f3n de calma entre clase y clase, pero \u00a1ya estamos de vuelta con las pilas cargadas! Poes\u00eda para [&hellip;]<\/p>\n","protected":false},"author":358,"featured_media":0,"comment_status":"open","ping_status":"closed","sticky":false,"template":"","format":"standard","meta":{"footnotes":""},"categories":[9,8],"tags":[],"class_list":["post-1251","post","type-post","status-publish","format-standard","hentry","category-blog","category-poesia-para-llevar"],"_links":{"self":[{"href":"https:\/\/wp.catedu.es\/bibliotecaiesillueca\/wp-json\/wp\/v2\/posts\/1251","targetHints":{"allow":["GET"]}}],"collection":[{"href":"https:\/\/wp.catedu.es\/bibliotecaiesillueca\/wp-json\/wp\/v2\/posts"}],"about":[{"href":"https:\/\/wp.catedu.es\/bibliotecaiesillueca\/wp-json\/wp\/v2\/types\/post"}],"author":[{"embeddable":true,"href":"https:\/\/wp.catedu.es\/bibliotecaiesillueca\/wp-json\/wp\/v2\/users\/358"}],"replies":[{"embeddable":true,"href":"https:\/\/wp.catedu.es\/bibliotecaiesillueca\/wp-json\/wp\/v2\/comments?post=1251"}],"version-history":[{"count":1,"href":"https:\/\/wp.catedu.es\/bibliotecaiesillueca\/wp-json\/wp\/v2\/posts\/1251\/revisions"}],"predecessor-version":[{"id":1253,"href":"https:\/\/wp.catedu.es\/bibliotecaiesillueca\/wp-json\/wp\/v2\/posts\/1251\/revisions\/1253"}],"wp:attachment":[{"href":"https:\/\/wp.catedu.es\/bibliotecaiesillueca\/wp-json\/wp\/v2\/media?parent=1251"}],"wp:term":[{"taxonomy":"category","embeddable":true,"href":"https:\/\/wp.catedu.es\/bibliotecaiesillueca\/wp-json\/wp\/v2\/categories?post=1251"},{"taxonomy":"post_tag","embeddable":true,"href":"https:\/\/wp.catedu.es\/bibliotecaiesillueca\/wp-json\/wp\/v2\/tags?post=1251"}],"curies":[{"name":"wp","href":"https:\/\/api.w.org\/{rel}","templated":true}]}}