{"id":1316,"date":"2026-03-07T16:24:44","date_gmt":"2026-03-07T15:24:44","guid":{"rendered":"https:\/\/wp.catedu.es\/bibliotecaiesillueca\/?p=1316"},"modified":"2026-04-15T17:21:49","modified_gmt":"2026-04-15T15:21:49","slug":"poesia-para-llevar-poema-12c","status":"publish","type":"post","link":"https:\/\/wp.catedu.es\/bibliotecaiesillueca\/poesia-para-llevar-poema-12c\/","title":{"rendered":"POES\u00cdA PARA LLEVAR. POEMA 12C"},"content":{"rendered":"\n<p>El 10 de diciembre de 2025 muri\u00f3 Robe Iniesta y nos quedamos en una calle sin salida buscando una luna en la vereda de la puerta de atr\u00e1s.&nbsp; Pero su m\u00fasica y su poes\u00eda nos siguen acompa\u00f1ando como demuestra este n\u00famero que nos llega gracias al IES Tiempos Modernos.<\/p>\n\n\n\n<div data-wp-interactive=\"core\/file\" class=\"wp-block-file\"><object data-wp-bind--hidden=\"!state.hasPdfPreview\" hidden class=\"wp-block-file__embed\" data=\"https:\/\/wp.catedu.es\/bibliotecaiesillueca\/wp-content\/uploads\/sites\/200\/2026\/03\/PPLL2526_12C_Robe-Iniesta-El-hombre-pa\u0301jaro.pdf\" type=\"application\/pdf\" style=\"width:100%;height:600px\" aria-label=\"Incrustado de PPLL2526_12C_Robe Iniesta \u00abEl hombre pa\u0301jaro\u00bb.\"><\/object><a id=\"wp-block-file--media-35ea8039-9f0a-44ed-a04b-69985084536d\" href=\"https:\/\/wp.catedu.es\/bibliotecaiesillueca\/wp-content\/uploads\/sites\/200\/2026\/03\/PPLL2526_12C_Robe-Iniesta-El-hombre-pa\u0301jaro.pdf\" target=\"_blank\" rel=\"noreferrer noopener\">PPLL2526_12C_Robe Iniesta \u00abEl hombre pa\u0301jaro\u00bb<\/a><a href=\"https:\/\/wp.catedu.es\/bibliotecaiesillueca\/wp-content\/uploads\/sites\/200\/2026\/03\/PPLL2526_12C_Robe-Iniesta-El-hombre-pa\u0301jaro.pdf\" class=\"wp-block-file__button wp-element-button\" download aria-describedby=\"wp-block-file--media-35ea8039-9f0a-44ed-a04b-69985084536d\">Descarga<\/a><\/div>\n","protected":false},"excerpt":{"rendered":"<p>El 10 de diciembre de 2025 muri\u00f3 Robe Iniesta y nos quedamos en una calle sin salida buscando una luna en la vereda de la puerta de atr\u00e1s.&nbsp; Pero su m\u00fasica y su poes\u00eda nos siguen acompa\u00f1ando como demuestra este n\u00famero que nos llega gracias al IES Tiempos Modernos.<\/p>\n","protected":false},"author":358,"featured_media":0,"comment_status":"open","ping_status":"closed","sticky":false,"template":"","format":"standard","meta":{"footnotes":""},"categories":[9,8],"tags":[],"class_list":["post-1316","post","type-post","status-publish","format-standard","hentry","category-blog","category-poesia-para-llevar"],"_links":{"self":[{"href":"https:\/\/wp.catedu.es\/bibliotecaiesillueca\/wp-json\/wp\/v2\/posts\/1316","targetHints":{"allow":["GET"]}}],"collection":[{"href":"https:\/\/wp.catedu.es\/bibliotecaiesillueca\/wp-json\/wp\/v2\/posts"}],"about":[{"href":"https:\/\/wp.catedu.es\/bibliotecaiesillueca\/wp-json\/wp\/v2\/types\/post"}],"author":[{"embeddable":true,"href":"https:\/\/wp.catedu.es\/bibliotecaiesillueca\/wp-json\/wp\/v2\/users\/358"}],"replies":[{"embeddable":true,"href":"https:\/\/wp.catedu.es\/bibliotecaiesillueca\/wp-json\/wp\/v2\/comments?post=1316"}],"version-history":[{"count":2,"href":"https:\/\/wp.catedu.es\/bibliotecaiesillueca\/wp-json\/wp\/v2\/posts\/1316\/revisions"}],"predecessor-version":[{"id":1323,"href":"https:\/\/wp.catedu.es\/bibliotecaiesillueca\/wp-json\/wp\/v2\/posts\/1316\/revisions\/1323"}],"wp:attachment":[{"href":"https:\/\/wp.catedu.es\/bibliotecaiesillueca\/wp-json\/wp\/v2\/media?parent=1316"}],"wp:term":[{"taxonomy":"category","embeddable":true,"href":"https:\/\/wp.catedu.es\/bibliotecaiesillueca\/wp-json\/wp\/v2\/categories?post=1316"},{"taxonomy":"post_tag","embeddable":true,"href":"https:\/\/wp.catedu.es\/bibliotecaiesillueca\/wp-json\/wp\/v2\/tags?post=1316"}],"curies":[{"name":"wp","href":"https:\/\/api.w.org\/{rel}","templated":true}]}}