{"id":193,"date":"2020-11-25T21:25:50","date_gmt":"2020-11-25T20:25:50","guid":{"rendered":"http:\/\/wp.catedu.es\/bibliotecaiesillueca\/?p=193"},"modified":"2020-12-11T20:25:56","modified_gmt":"2020-12-11T19:25:56","slug":"poema-4-poesia-para-llevar","status":"publish","type":"post","link":"https:\/\/wp.catedu.es\/bibliotecaiesillueca\/poema-4-poesia-para-llevar\/","title":{"rendered":"Poema 4 Poes\u00eda para llevar"},"content":{"rendered":"<p>Desde el CPEPA de Daroca nos llega un <span style=\"color: #000000\">hermoso soneto de Jos\u00e9 Hierro titulado\u00a0<\/span>\u00abViento de oto\u00f1o\u00bb El poema\u00a0\u00abViento de oto\u00f1o\u00bb\u00a0est\u00e1 incluido en el libro\u00a0<i>Alegr\u00eda<\/i>\u00a0(1947) que contiene poemas excepcionales que merecieron el premio Adonais, por unanimidad, en el a\u00f1o de su publicaci\u00f3n. El amor, la muerte, la alegr\u00eda y la tristeza, la esperanza y la desesperanza, se alternan con variedad de metros y rimas.\u00a0<i>Alegr\u00eda<\/i> situ\u00f3 a Jos\u00e9 Hierro en la avanzada de la poes\u00eda espa\u00f1ola. Pod\u00e9is descargar el poema en el siguiente enlace:<\/p>\n<p><a href=\"https:\/\/drive.google.com\/file\/d\/1Xl40cNHfci1aKqZT9RDnoddHKtc3zeNO\/view\" target=\"_blank\" rel=\"noopener noreferrer\">Descargar poema n\u00ba 4 en PDF<\/a><\/p>\n<p>El pasado s\u00e1bado 21 de noviembre, POES\u00cdA PARA LLEVAR lleg\u00f3 a las ondas radiof\u00f3nicas a trav\u00e9s del programa LA CADIERA, de Arag\u00f3n Radio. Os dejamos enlace para escucharlo, entrevista a Julio Moreno junto con la participaci\u00f3n de dos alumnas.<\/p>\n<p><a href=\"https:\/\/mail.google.com\/mail\/u\/4\/?tab=wm&amp;ogbl#inbox\/FMfcgxwKjdtDBBXMcDQWDBCLgBcRNHxL?projector=1&amp;messagePartId=0.3\" target=\"_blank\" rel=\"noopener noreferrer\">&#8220;Poes\u00eda para llevar&#8221; en La cadiera , programa radiof\u00f3nico<\/a><\/p>\n<p>&nbsp;<\/p>\n<p><img loading=\"lazy\" decoding=\"async\" class=\"alignleft size-full wp-image-200\" src=\"http:\/\/wp.catedu.es\/bibliotecaiesillueca\/wp-content\/uploads\/sites\/200\/2020\/11\/PPPPll2021_4C_jpg_cara-A-1.jpg\" alt=\"\" width=\"1241\" height=\"1754\" srcset=\"https:\/\/wp.catedu.es\/bibliotecaiesillueca\/wp-content\/uploads\/sites\/200\/2020\/11\/PPPPll2021_4C_jpg_cara-A-1.jpg 1241w, https:\/\/wp.catedu.es\/bibliotecaiesillueca\/wp-content\/uploads\/sites\/200\/2020\/11\/PPPPll2021_4C_jpg_cara-A-1-212x300.jpg 212w, https:\/\/wp.catedu.es\/bibliotecaiesillueca\/wp-content\/uploads\/sites\/200\/2020\/11\/PPPPll2021_4C_jpg_cara-A-1-725x1024.jpg 725w, https:\/\/wp.catedu.es\/bibliotecaiesillueca\/wp-content\/uploads\/sites\/200\/2020\/11\/PPPPll2021_4C_jpg_cara-A-1-768x1085.jpg 768w, https:\/\/wp.catedu.es\/bibliotecaiesillueca\/wp-content\/uploads\/sites\/200\/2020\/11\/PPPPll2021_4C_jpg_cara-A-1-1087x1536.jpg 1087w, https:\/\/wp.catedu.es\/bibliotecaiesillueca\/wp-content\/uploads\/sites\/200\/2020\/11\/PPPPll2021_4C_jpg_cara-A-1-750x1060.jpg 750w\" sizes=\"auto, (max-width: 1241px) 100vw, 1241px\" \/><\/p>\n<p>&nbsp;<\/p>\n<p>&nbsp;<\/p>\n","protected":false},"excerpt":{"rendered":"<p>Desde el CPEPA de Daroca nos llega un hermoso soneto de Jos\u00e9 Hierro titulado\u00a0\u00abViento de oto\u00f1o\u00bb El poema\u00a0\u00abViento de oto\u00f1o\u00bb\u00a0est\u00e1 incluido en el libro\u00a0Alegr\u00eda\u00a0(1947) que contiene poemas excepcionales que merecieron el premio Adonais, por unanimidad, en el a\u00f1o de su publicaci\u00f3n. El amor, la muerte, la alegr\u00eda y la tristeza, la esperanza y la desesperanza, [&hellip;]<\/p>\n","protected":false},"author":358,"featured_media":0,"comment_status":"closed","ping_status":"closed","sticky":false,"template":"","format":"standard","meta":{"footnotes":""},"categories":[8],"tags":[],"class_list":["post-193","post","type-post","status-publish","format-standard","hentry","category-poesia-para-llevar"],"_links":{"self":[{"href":"https:\/\/wp.catedu.es\/bibliotecaiesillueca\/wp-json\/wp\/v2\/posts\/193","targetHints":{"allow":["GET"]}}],"collection":[{"href":"https:\/\/wp.catedu.es\/bibliotecaiesillueca\/wp-json\/wp\/v2\/posts"}],"about":[{"href":"https:\/\/wp.catedu.es\/bibliotecaiesillueca\/wp-json\/wp\/v2\/types\/post"}],"author":[{"embeddable":true,"href":"https:\/\/wp.catedu.es\/bibliotecaiesillueca\/wp-json\/wp\/v2\/users\/358"}],"replies":[{"embeddable":true,"href":"https:\/\/wp.catedu.es\/bibliotecaiesillueca\/wp-json\/wp\/v2\/comments?post=193"}],"version-history":[{"count":4,"href":"https:\/\/wp.catedu.es\/bibliotecaiesillueca\/wp-json\/wp\/v2\/posts\/193\/revisions"}],"predecessor-version":[{"id":201,"href":"https:\/\/wp.catedu.es\/bibliotecaiesillueca\/wp-json\/wp\/v2\/posts\/193\/revisions\/201"}],"wp:attachment":[{"href":"https:\/\/wp.catedu.es\/bibliotecaiesillueca\/wp-json\/wp\/v2\/media?parent=193"}],"wp:term":[{"taxonomy":"category","embeddable":true,"href":"https:\/\/wp.catedu.es\/bibliotecaiesillueca\/wp-json\/wp\/v2\/categories?post=193"},{"taxonomy":"post_tag","embeddable":true,"href":"https:\/\/wp.catedu.es\/bibliotecaiesillueca\/wp-json\/wp\/v2\/tags?post=193"}],"curies":[{"name":"wp","href":"https:\/\/api.w.org\/{rel}","templated":true}]}}