{"id":204,"date":"2020-12-02T19:50:58","date_gmt":"2020-12-02T18:50:58","guid":{"rendered":"http:\/\/wp.catedu.es\/bibliotecaiesillueca\/?p=204"},"modified":"2020-12-11T20:25:56","modified_gmt":"2020-12-11T19:25:56","slug":"poema-no-5-poesia-para-llevar","status":"publish","type":"post","link":"https:\/\/wp.catedu.es\/bibliotecaiesillueca\/poema-no-5-poesia-para-llevar\/","title":{"rendered":"poema n\u00ba 5 Poes\u00eda para llevar"},"content":{"rendered":"<div><span style=\"font-family: tahoma, sans-serif\">Acompa\u00f1amos las lluvias oto\u00f1ales y nos empapamos de poes\u00eda\u00a0 con este hermoso poema de Marta Dom\u00ednguez : <span style=\"color: #20124d\">\u00abLluvia\u00bb<\/span>\u00a0. Lo ha elegido el IES Avempace y <\/span><span style=\"font-family: tahoma, sans-serif\"><span style=\"color: #20124d\">Marta Dom\u00ednguez ha sido tan amable de recitarlo, pod\u00e9is verlo en el siguiente enlace:<\/span><\/span><\/div>\n<div><\/div>\n<div><img loading=\"lazy\" decoding=\"async\" class=\"wp-image-211 aligncenter\" src=\"http:\/\/wp.catedu.es\/bibliotecaiesillueca\/wp-content\/uploads\/sites\/200\/2020\/12\/images-2.jpg\" alt=\"\" width=\"96\" height=\"96\" srcset=\"https:\/\/wp.catedu.es\/bibliotecaiesillueca\/wp-content\/uploads\/sites\/200\/2020\/12\/images-2.jpg 225w, https:\/\/wp.catedu.es\/bibliotecaiesillueca\/wp-content\/uploads\/sites\/200\/2020\/12\/images-2-150x150.jpg 150w\" sizes=\"auto, (max-width: 96px) 100vw, 96px\" \/><\/div>\n<div><strong><span style=\"color: #0000ff\"><a style=\"color: #0000ff\" href=\"https:\/\/youtu.be\/RYPjmg59TQc\" target=\"_blank\" rel=\"noopener noreferrer\">\u00a0 \u00a0 \u00a0 \u00a0 \u00a0 \u00a0 \u00a0 \u00a0 \u00a0 \u00a0 \u00a0 \u00a0 \u00a0 \u00a0 \u00a0 \u00a0 \u00a0 \u00a0 \u00a0 \u00a0 \u00a0 \u00a0 \u00a0 \u00a0 \u00a0 \u00a0 \u00a0 \u00a0 \u00a0 \u00a0 \u00a0 \u00a0 \u00a0 \u00a0 \u00a0 \u00a0 \u00a0 \u00a0 \u00a0 \u00a0Marta rodr\u00edguez recitando el poema <em>&#8220;Lluvia&#8221;<\/em><\/a><\/span><\/strong><\/div>\n<div><img loading=\"lazy\" decoding=\"async\" class=\"wp-image-216 aligncenter\" src=\"http:\/\/wp.catedu.es\/bibliotecaiesillueca\/wp-content\/uploads\/sites\/200\/2020\/12\/descarga.jpg\" alt=\"\" width=\"138\" height=\"103\" \/><\/div>\n<div><strong><span style=\"color: #0000ff\"><a style=\"color: #0000ff\" href=\"https:\/\/drive.google.com\/file\/d\/1Wb3EOFSrG6BKY2Oo4urjZjjOzKxn9pFm\/view\" target=\"_blank\" rel=\"noopener noreferrer\">\u00a0 \u00a0 \u00a0 \u00a0 \u00a0 \u00a0 \u00a0 \u00a0 \u00a0 \u00a0 \u00a0 \u00a0 \u00a0 \u00a0 \u00a0 \u00a0 \u00a0 \u00a0 \u00a0 \u00a0 \u00a0 \u00a0 \u00a0 \u00a0 \u00a0 \u00a0 \u00a0 \u00a0 \u00a0 \u00a0 \u00a0 \u00a0 \u00a0 \u00a0 \u00a0 \u00a0 \u00a0 \u00a0 \u00a0 \u00a0 \u00a0 \u00a0 \u00a0 \u00a0 \u00a0 Descargar Poema 5 en PDF<\/a><\/span><\/strong><\/div>\n<div><\/div>\n<div><a href=\"https:\/\/drive.google.com\/file\/d\/1Wb3EOFSrG6BKY2Oo4urjZjjOzKxn9pFm\/view\" target=\"_blank\" rel=\"noopener noreferrer\"><img loading=\"lazy\" decoding=\"async\" class=\"alignleft size-full wp-image-205\" src=\"http:\/\/wp.catedu.es\/bibliotecaiesillueca\/wp-content\/uploads\/sites\/200\/2020\/12\/pplll2021_05C_jpg_cara-A.jpg\" alt=\"\" width=\"1241\" height=\"1754\" srcset=\"https:\/\/wp.catedu.es\/bibliotecaiesillueca\/wp-content\/uploads\/sites\/200\/2020\/12\/pplll2021_05C_jpg_cara-A.jpg 1241w, https:\/\/wp.catedu.es\/bibliotecaiesillueca\/wp-content\/uploads\/sites\/200\/2020\/12\/pplll2021_05C_jpg_cara-A-212x300.jpg 212w, https:\/\/wp.catedu.es\/bibliotecaiesillueca\/wp-content\/uploads\/sites\/200\/2020\/12\/pplll2021_05C_jpg_cara-A-725x1024.jpg 725w, https:\/\/wp.catedu.es\/bibliotecaiesillueca\/wp-content\/uploads\/sites\/200\/2020\/12\/pplll2021_05C_jpg_cara-A-768x1085.jpg 768w, https:\/\/wp.catedu.es\/bibliotecaiesillueca\/wp-content\/uploads\/sites\/200\/2020\/12\/pplll2021_05C_jpg_cara-A-1087x1536.jpg 1087w, https:\/\/wp.catedu.es\/bibliotecaiesillueca\/wp-content\/uploads\/sites\/200\/2020\/12\/pplll2021_05C_jpg_cara-A-750x1060.jpg 750w\" sizes=\"auto, (max-width: 1241px) 100vw, 1241px\" \/><\/a><\/div>\n<div><\/div>\n<div><\/div>\n","protected":false},"excerpt":{"rendered":"<p>Acompa\u00f1amos las lluvias oto\u00f1ales y nos empapamos de poes\u00eda\u00a0 con este hermoso poema de Marta Dom\u00ednguez : \u00abLluvia\u00bb\u00a0. Lo ha elegido el IES Avempace y Marta Dom\u00ednguez ha sido tan amable de recitarlo, pod\u00e9is verlo en el siguiente enlace: \u00a0 \u00a0 \u00a0 \u00a0 \u00a0 \u00a0 \u00a0 \u00a0 \u00a0 \u00a0 \u00a0 \u00a0 \u00a0 \u00a0 \u00a0 \u00a0 [&hellip;]<\/p>\n","protected":false},"author":358,"featured_media":0,"comment_status":"closed","ping_status":"closed","sticky":false,"template":"","format":"standard","meta":{"footnotes":""},"categories":[8],"tags":[],"class_list":["post-204","post","type-post","status-publish","format-standard","hentry","category-poesia-para-llevar"],"_links":{"self":[{"href":"https:\/\/wp.catedu.es\/bibliotecaiesillueca\/wp-json\/wp\/v2\/posts\/204","targetHints":{"allow":["GET"]}}],"collection":[{"href":"https:\/\/wp.catedu.es\/bibliotecaiesillueca\/wp-json\/wp\/v2\/posts"}],"about":[{"href":"https:\/\/wp.catedu.es\/bibliotecaiesillueca\/wp-json\/wp\/v2\/types\/post"}],"author":[{"embeddable":true,"href":"https:\/\/wp.catedu.es\/bibliotecaiesillueca\/wp-json\/wp\/v2\/users\/358"}],"replies":[{"embeddable":true,"href":"https:\/\/wp.catedu.es\/bibliotecaiesillueca\/wp-json\/wp\/v2\/comments?post=204"}],"version-history":[{"count":9,"href":"https:\/\/wp.catedu.es\/bibliotecaiesillueca\/wp-json\/wp\/v2\/posts\/204\/revisions"}],"predecessor-version":[{"id":218,"href":"https:\/\/wp.catedu.es\/bibliotecaiesillueca\/wp-json\/wp\/v2\/posts\/204\/revisions\/218"}],"wp:attachment":[{"href":"https:\/\/wp.catedu.es\/bibliotecaiesillueca\/wp-json\/wp\/v2\/media?parent=204"}],"wp:term":[{"taxonomy":"category","embeddable":true,"href":"https:\/\/wp.catedu.es\/bibliotecaiesillueca\/wp-json\/wp\/v2\/categories?post=204"},{"taxonomy":"post_tag","embeddable":true,"href":"https:\/\/wp.catedu.es\/bibliotecaiesillueca\/wp-json\/wp\/v2\/tags?post=204"}],"curies":[{"name":"wp","href":"https:\/\/api.w.org\/{rel}","templated":true}]}}