{"id":617,"date":"2022-01-19T11:23:52","date_gmt":"2022-01-19T10:23:52","guid":{"rendered":"https:\/\/wp.catedu.es\/bibliotecaiesillueca\/?p=617"},"modified":"2022-01-30T19:40:56","modified_gmt":"2022-01-30T18:40:56","slug":"poesia-para-llevar-no8","status":"publish","type":"post","link":"https:\/\/wp.catedu.es\/bibliotecaiesillueca\/poesia-para-llevar-no8\/","title":{"rendered":"Poes\u00eda para Llevar: n\u00ba8"},"content":{"rendered":"<div class=\"gmail_default\"><span style=\"font-family: verdana, sans-serif\">Hola a todo el mundo:<\/span><\/div>\n<div class=\"gmail_default\">\n<p><span style=\"font-family: verdana, sans-serif\"><span style=\"font-family: verdana, sans-serif\">\u00a0El IES Pedro de Luna nos acerca a la figura de Francisca Aguirre a trav\u00e9s de este magn\u00edfico poema titulado \u00abTestigo de excepci\u00f3n\u00bb. <\/span><\/span><span style=\"font-family: verdana, sans-serif\">M<\/span><span class=\"gmail_default\" style=\"font-family: verdana, sans-serif\">uch\u00edsimas gracias al IES Pedro de Luna por todo vuestro trabajo y por elegir un poema tan rico y con tantos matices de una autora que merece un mayor reconocimiento del que tiene. A\u00f1adimos un enlace en el que pod\u00e9is leer otro de sus poemas aparecidos en Poes\u00eda para Llevar: <\/span><span style=\"font-family: verdana, sans-serif\"><span class=\"gmail_default\"><a href=\"http:\/\/poesiaparallevar-ljp.blogspot.com\/2021\/02\/n12d-aprender-mirar-francisca-aguirre.html\" target=\"_blank\" rel=\"noopener\" data-saferedirecturl=\"https:\/\/www.google.com\/url?q=http:\/\/poesiaparallevar-ljp.blogspot.com\/2021\/02\/n12d-aprender-mirar-francisca-aguirre.html&amp;source=gmail&amp;ust=1642673263567000&amp;usg=AOvVaw3iwcvdlzNqWYgTGL9fNWCg\">http:\/\/poesiaparallevar-ljp.blogspot.com\/2021\/02\/n12d-aprender-mirar-francisca-aguirre.html<\/a><\/span><\/span><\/p>\n<p>\u00a1Esperamos que lo disfrut\u00e9is!<\/p>\n<\/div>\n<div dir=\"ltr\"><a href=\"http:\/\/wp.catedu.es\/bibliotecaiesillueca\/wp-content\/uploads\/sites\/200\/2022\/01\/PPLL2122_jpg_08D_cara-A.jpg\"><img loading=\"lazy\" decoding=\"async\" class=\" wp-image-618 alignleft\" src=\"http:\/\/wp.catedu.es\/bibliotecaiesillueca\/wp-content\/uploads\/sites\/200\/2022\/01\/PPLL2122_jpg_08D_cara-A-212x300.jpg\" alt=\"\" width=\"719\" height=\"1018\" srcset=\"https:\/\/wp.catedu.es\/bibliotecaiesillueca\/wp-content\/uploads\/sites\/200\/2022\/01\/PPLL2122_jpg_08D_cara-A-212x300.jpg 212w, https:\/\/wp.catedu.es\/bibliotecaiesillueca\/wp-content\/uploads\/sites\/200\/2022\/01\/PPLL2122_jpg_08D_cara-A-724x1024.jpg 724w, https:\/\/wp.catedu.es\/bibliotecaiesillueca\/wp-content\/uploads\/sites\/200\/2022\/01\/PPLL2122_jpg_08D_cara-A-768x1086.jpg 768w, https:\/\/wp.catedu.es\/bibliotecaiesillueca\/wp-content\/uploads\/sites\/200\/2022\/01\/PPLL2122_jpg_08D_cara-A-1086x1536.jpg 1086w, https:\/\/wp.catedu.es\/bibliotecaiesillueca\/wp-content\/uploads\/sites\/200\/2022\/01\/PPLL2122_jpg_08D_cara-A-163x230.jpg 163w, https:\/\/wp.catedu.es\/bibliotecaiesillueca\/wp-content\/uploads\/sites\/200\/2022\/01\/PPLL2122_jpg_08D_cara-A.jpg 1241w\" sizes=\"auto, (max-width: 719px) 100vw, 719px\" \/><\/a><\/div>\n","protected":false},"excerpt":{"rendered":"<p>Hola a todo el mundo: \u00a0El IES Pedro de Luna nos acerca a la figura de Francisca Aguirre a trav\u00e9s de este magn\u00edfico poema titulado \u00abTestigo de excepci\u00f3n\u00bb. Much\u00edsimas gracias al IES Pedro de Luna por todo vuestro trabajo y por elegir un poema tan rico y con tantos matices de una autora que merece [&hellip;]<\/p>\n","protected":false},"author":358,"featured_media":0,"comment_status":"open","ping_status":"closed","sticky":false,"template":"","format":"standard","meta":{"footnotes":""},"categories":[9,8],"tags":[],"class_list":["post-617","post","type-post","status-publish","format-standard","hentry","category-blog","category-poesia-para-llevar"],"_links":{"self":[{"href":"https:\/\/wp.catedu.es\/bibliotecaiesillueca\/wp-json\/wp\/v2\/posts\/617","targetHints":{"allow":["GET"]}}],"collection":[{"href":"https:\/\/wp.catedu.es\/bibliotecaiesillueca\/wp-json\/wp\/v2\/posts"}],"about":[{"href":"https:\/\/wp.catedu.es\/bibliotecaiesillueca\/wp-json\/wp\/v2\/types\/post"}],"author":[{"embeddable":true,"href":"https:\/\/wp.catedu.es\/bibliotecaiesillueca\/wp-json\/wp\/v2\/users\/358"}],"replies":[{"embeddable":true,"href":"https:\/\/wp.catedu.es\/bibliotecaiesillueca\/wp-json\/wp\/v2\/comments?post=617"}],"version-history":[{"count":2,"href":"https:\/\/wp.catedu.es\/bibliotecaiesillueca\/wp-json\/wp\/v2\/posts\/617\/revisions"}],"predecessor-version":[{"id":620,"href":"https:\/\/wp.catedu.es\/bibliotecaiesillueca\/wp-json\/wp\/v2\/posts\/617\/revisions\/620"}],"wp:attachment":[{"href":"https:\/\/wp.catedu.es\/bibliotecaiesillueca\/wp-json\/wp\/v2\/media?parent=617"}],"wp:term":[{"taxonomy":"category","embeddable":true,"href":"https:\/\/wp.catedu.es\/bibliotecaiesillueca\/wp-json\/wp\/v2\/categories?post=617"},{"taxonomy":"post_tag","embeddable":true,"href":"https:\/\/wp.catedu.es\/bibliotecaiesillueca\/wp-json\/wp\/v2\/tags?post=617"}],"curies":[{"name":"wp","href":"https:\/\/api.w.org\/{rel}","templated":true}]}}