{"id":708,"date":"2022-03-03T10:10:19","date_gmt":"2022-03-03T09:10:19","guid":{"rendered":"https:\/\/wp.catedu.es\/bibliotecaiesillueca\/?p=708"},"modified":"2022-03-03T10:10:19","modified_gmt":"2022-03-03T09:10:19","slug":"poesia-para-llevar-no14","status":"publish","type":"post","link":"https:\/\/wp.catedu.es\/bibliotecaiesillueca\/poesia-para-llevar-no14\/","title":{"rendered":"Poes\u00eda para Llevar: n\u00ba14"},"content":{"rendered":"<p>\u00a1Hola, lectores!<\/p>\n<p>El IES Miralbueno ha elegido para su n\u00famero semanal un poema de Patricia Benito. Se titula\u00a0\u00a0\u00abApago la luz\u00bb y nos toca muy adentro. Esperamos que os guste. Aqu\u00ed lo pod\u00e9is descargar en PDF con la informaci\u00f3n de la autora: <a href=\"https:\/\/wp.catedu.es\/bibliotecaiesillueca\/poesia-para-llevar-no14\/ppll2122_14d_patricia-benito_apago-la-luz\/\" rel=\"attachment wp-att-709\">PPLL2122_14D_Patricia Benito_Apago la luz<\/a><\/p>\n<p style=\"text-align: left\"><a href=\"https:\/\/wp.catedu.es\/bibliotecaiesillueca\/poesia-para-llevar-no14\/ppll2122_jpg_14d_cara-a\/\" rel=\"attachment wp-att-710\"><img loading=\"lazy\" decoding=\"async\" class=\" wp-image-710 alignleft\" src=\"http:\/\/wp.catedu.es\/bibliotecaiesillueca\/wp-content\/uploads\/sites\/200\/2022\/03\/PPLL2122_jpg_14D_cara-A-212x300.jpg\" alt=\"\" width=\"898\" height=\"1270\" srcset=\"https:\/\/wp.catedu.es\/bibliotecaiesillueca\/wp-content\/uploads\/sites\/200\/2022\/03\/PPLL2122_jpg_14D_cara-A-212x300.jpg 212w, https:\/\/wp.catedu.es\/bibliotecaiesillueca\/wp-content\/uploads\/sites\/200\/2022\/03\/PPLL2122_jpg_14D_cara-A-725x1024.jpg 725w, https:\/\/wp.catedu.es\/bibliotecaiesillueca\/wp-content\/uploads\/sites\/200\/2022\/03\/PPLL2122_jpg_14D_cara-A-768x1085.jpg 768w, https:\/\/wp.catedu.es\/bibliotecaiesillueca\/wp-content\/uploads\/sites\/200\/2022\/03\/PPLL2122_jpg_14D_cara-A-1087x1536.jpg 1087w, https:\/\/wp.catedu.es\/bibliotecaiesillueca\/wp-content\/uploads\/sites\/200\/2022\/03\/PPLL2122_jpg_14D_cara-A-163x230.jpg 163w, https:\/\/wp.catedu.es\/bibliotecaiesillueca\/wp-content\/uploads\/sites\/200\/2022\/03\/PPLL2122_jpg_14D_cara-A.jpg 1241w\" sizes=\"auto, (max-width: 898px) 100vw, 898px\" \/><\/a><\/p>\n","protected":false},"excerpt":{"rendered":"<p>\u00a1Hola, lectores! El IES Miralbueno ha elegido para su n\u00famero semanal un poema de Patricia Benito. Se titula\u00a0\u00a0\u00abApago la luz\u00bb y nos toca muy adentro. Esperamos que os guste. Aqu\u00ed lo pod\u00e9is descargar en PDF con la informaci\u00f3n de la autora: PPLL2122_14D_Patricia Benito_Apago la luz<\/p>\n","protected":false},"author":358,"featured_media":0,"comment_status":"open","ping_status":"closed","sticky":false,"template":"","format":"standard","meta":{"footnotes":""},"categories":[9,8],"tags":[],"class_list":["post-708","post","type-post","status-publish","format-standard","hentry","category-blog","category-poesia-para-llevar"],"_links":{"self":[{"href":"https:\/\/wp.catedu.es\/bibliotecaiesillueca\/wp-json\/wp\/v2\/posts\/708","targetHints":{"allow":["GET"]}}],"collection":[{"href":"https:\/\/wp.catedu.es\/bibliotecaiesillueca\/wp-json\/wp\/v2\/posts"}],"about":[{"href":"https:\/\/wp.catedu.es\/bibliotecaiesillueca\/wp-json\/wp\/v2\/types\/post"}],"author":[{"embeddable":true,"href":"https:\/\/wp.catedu.es\/bibliotecaiesillueca\/wp-json\/wp\/v2\/users\/358"}],"replies":[{"embeddable":true,"href":"https:\/\/wp.catedu.es\/bibliotecaiesillueca\/wp-json\/wp\/v2\/comments?post=708"}],"version-history":[{"count":2,"href":"https:\/\/wp.catedu.es\/bibliotecaiesillueca\/wp-json\/wp\/v2\/posts\/708\/revisions"}],"predecessor-version":[{"id":712,"href":"https:\/\/wp.catedu.es\/bibliotecaiesillueca\/wp-json\/wp\/v2\/posts\/708\/revisions\/712"}],"wp:attachment":[{"href":"https:\/\/wp.catedu.es\/bibliotecaiesillueca\/wp-json\/wp\/v2\/media?parent=708"}],"wp:term":[{"taxonomy":"category","embeddable":true,"href":"https:\/\/wp.catedu.es\/bibliotecaiesillueca\/wp-json\/wp\/v2\/categories?post=708"},{"taxonomy":"post_tag","embeddable":true,"href":"https:\/\/wp.catedu.es\/bibliotecaiesillueca\/wp-json\/wp\/v2\/tags?post=708"}],"curies":[{"name":"wp","href":"https:\/\/api.w.org\/{rel}","templated":true}]}}