{"id":746,"date":"2022-03-21T22:40:33","date_gmt":"2022-03-21T21:40:33","guid":{"rendered":"https:\/\/wp.catedu.es\/bibliotecaiesillueca\/?p=746"},"modified":"2022-03-21T22:40:33","modified_gmt":"2022-03-21T21:40:33","slug":"21-de-marzo-dia-de-la-poesia","status":"publish","type":"post","link":"https:\/\/wp.catedu.es\/bibliotecaiesillueca\/21-de-marzo-dia-de-la-poesia\/","title":{"rendered":"21 de marzo D\u00eda de la Poes\u00eda"},"content":{"rendered":"<p><a href=\"https:\/\/wp.catedu.es\/bibliotecaiesillueca\/21-de-marzo-dia-de-la-poesia\/dia-poesia-3\/\" rel=\"attachment wp-att-749\"><img loading=\"lazy\" decoding=\"async\" class=\"aligncenter size-medium wp-image-749\" src=\"http:\/\/wp.catedu.es\/bibliotecaiesillueca\/wp-content\/uploads\/sites\/200\/2022\/03\/dia-poesia-3-300x225.jpg\" alt=\"\" width=\"300\" height=\"225\" srcset=\"https:\/\/wp.catedu.es\/bibliotecaiesillueca\/wp-content\/uploads\/sites\/200\/2022\/03\/dia-poesia-3-300x225.jpg 300w, https:\/\/wp.catedu.es\/bibliotecaiesillueca\/wp-content\/uploads\/sites\/200\/2022\/03\/dia-poesia-3-1024x768.jpg 1024w, https:\/\/wp.catedu.es\/bibliotecaiesillueca\/wp-content\/uploads\/sites\/200\/2022\/03\/dia-poesia-3-768x576.jpg 768w, https:\/\/wp.catedu.es\/bibliotecaiesillueca\/wp-content\/uploads\/sites\/200\/2022\/03\/dia-poesia-3-1536x1152.jpg 1536w, https:\/\/wp.catedu.es\/bibliotecaiesillueca\/wp-content\/uploads\/sites\/200\/2022\/03\/dia-poesia-3-2048x1536.jpg 2048w, https:\/\/wp.catedu.es\/bibliotecaiesillueca\/wp-content\/uploads\/sites\/200\/2022\/03\/dia-poesia-3-307x230.jpg 307w\" sizes=\"auto, (max-width: 300px) 100vw, 300px\" \/><\/a><\/p>\n<p><span style=\"font-family: 'comic sans ms', sans-serif\">Hoy <strong>21 de marzo<\/strong> celebramos el <strong>D\u00eda Mundial de la Poes\u00eda<\/strong>, es una buena ocasi\u00f3n para rememorar a nuestros poetas y fomentar la lectura y escritura de poes\u00eda. Los alumnos de 4\u00ba ESO de nuestro centro se han convertido en poetas vanguardistas por un d\u00eda y nos han dejado unas creaciones muy originales. Los alumnos de 3\u00ba ESO han practicado con distintas t\u00e9cnicas de creaci\u00f3n de poes\u00eda, los resultados han sido \u00a0unos poemas muy ingeniosos. Aqu\u00ed os dejamos unas im\u00e1genes del taller po\u00e9tico realizado y de la exposici\u00f3n de libros de poes\u00eda que hemos preparado en nuestra biblioteca.\u00a0<\/span><\/p>\n<p><a href=\"https:\/\/wp.catedu.es\/bibliotecaiesillueca\/21-de-marzo-dia-de-la-poesia\/dia-poesia-4\/\" rel=\"attachment wp-att-750\"><img loading=\"lazy\" decoding=\"async\" class=\"aligncenter size-medium wp-image-750\" src=\"http:\/\/wp.catedu.es\/bibliotecaiesillueca\/wp-content\/uploads\/sites\/200\/2022\/03\/dia-poesia-4-300x225.jpg\" alt=\"\" width=\"300\" height=\"225\" srcset=\"https:\/\/wp.catedu.es\/bibliotecaiesillueca\/wp-content\/uploads\/sites\/200\/2022\/03\/dia-poesia-4-300x225.jpg 300w, https:\/\/wp.catedu.es\/bibliotecaiesillueca\/wp-content\/uploads\/sites\/200\/2022\/03\/dia-poesia-4-1024x768.jpg 1024w, https:\/\/wp.catedu.es\/bibliotecaiesillueca\/wp-content\/uploads\/sites\/200\/2022\/03\/dia-poesia-4-768x576.jpg 768w, https:\/\/wp.catedu.es\/bibliotecaiesillueca\/wp-content\/uploads\/sites\/200\/2022\/03\/dia-poesia-4-1536x1152.jpg 1536w, https:\/\/wp.catedu.es\/bibliotecaiesillueca\/wp-content\/uploads\/sites\/200\/2022\/03\/dia-poesia-4-2048x1536.jpg 2048w, https:\/\/wp.catedu.es\/bibliotecaiesillueca\/wp-content\/uploads\/sites\/200\/2022\/03\/dia-poesia-4-307x230.jpg 307w\" sizes=\"auto, (max-width: 300px) 100vw, 300px\" \/><\/a><\/p>\n<p><a href=\"https:\/\/wp.catedu.es\/bibliotecaiesillueca\/21-de-marzo-dia-de-la-poesia\/dia-poesia-2\/\" rel=\"attachment wp-att-747\"><img loading=\"lazy\" decoding=\"async\" class=\"alignnone  wp-image-747\" src=\"http:\/\/wp.catedu.es\/bibliotecaiesillueca\/wp-content\/uploads\/sites\/200\/2022\/03\/dia-poesia-2-300x128.jpg\" alt=\"\" width=\"394\" height=\"168\" srcset=\"https:\/\/wp.catedu.es\/bibliotecaiesillueca\/wp-content\/uploads\/sites\/200\/2022\/03\/dia-poesia-2-300x128.jpg 300w, https:\/\/wp.catedu.es\/bibliotecaiesillueca\/wp-content\/uploads\/sites\/200\/2022\/03\/dia-poesia-2-1024x439.jpg 1024w, https:\/\/wp.catedu.es\/bibliotecaiesillueca\/wp-content\/uploads\/sites\/200\/2022\/03\/dia-poesia-2-768x329.jpg 768w, https:\/\/wp.catedu.es\/bibliotecaiesillueca\/wp-content\/uploads\/sites\/200\/2022\/03\/dia-poesia-2-1536x658.jpg 1536w, https:\/\/wp.catedu.es\/bibliotecaiesillueca\/wp-content\/uploads\/sites\/200\/2022\/03\/dia-poesia-2-2048x877.jpg 2048w, https:\/\/wp.catedu.es\/bibliotecaiesillueca\/wp-content\/uploads\/sites\/200\/2022\/03\/dia-poesia-2-537x230.jpg 537w\" sizes=\"auto, (max-width: 394px) 100vw, 394px\" \/> \u00a0 \u00a0 \u00a0 \u00a0 \u00a0 \u00a0 \u00a0 \u00a0 \u00a0 \u00a0 \u00a0 \u00a0 \u00a0 \u00a0<\/a><a href=\"https:\/\/wp.catedu.es\/bibliotecaiesillueca\/21-de-marzo-dia-de-la-poesia\/dia-poesia-1\/\" rel=\"attachment wp-att-748\"><img loading=\"lazy\" decoding=\"async\" class=\"alignnone  wp-image-748\" src=\"http:\/\/wp.catedu.es\/bibliotecaiesillueca\/wp-content\/uploads\/sites\/200\/2022\/03\/dia-poesia-1-300x174.jpg\" alt=\"\" width=\"291\" height=\"169\" srcset=\"https:\/\/wp.catedu.es\/bibliotecaiesillueca\/wp-content\/uploads\/sites\/200\/2022\/03\/dia-poesia-1-300x174.jpg 300w, https:\/\/wp.catedu.es\/bibliotecaiesillueca\/wp-content\/uploads\/sites\/200\/2022\/03\/dia-poesia-1-1024x593.jpg 1024w, https:\/\/wp.catedu.es\/bibliotecaiesillueca\/wp-content\/uploads\/sites\/200\/2022\/03\/dia-poesia-1-768x445.jpg 768w, https:\/\/wp.catedu.es\/bibliotecaiesillueca\/wp-content\/uploads\/sites\/200\/2022\/03\/dia-poesia-1-1536x889.jpg 1536w, https:\/\/wp.catedu.es\/bibliotecaiesillueca\/wp-content\/uploads\/sites\/200\/2022\/03\/dia-poesia-1-2048x1186.jpg 2048w, https:\/\/wp.catedu.es\/bibliotecaiesillueca\/wp-content\/uploads\/sites\/200\/2022\/03\/dia-poesia-1-397x230.jpg 397w\" sizes=\"auto, (max-width: 291px) 100vw, 291px\" \/><\/a><\/p>\n<p style=\"text-align: center\"><span style=\"font-size: 36pt\"><strong><span style=\"color: #ff00ff\">F<\/span><span style=\"color: #00ffff\">E<\/span><span style=\"color: #ff9900\">L<\/span><span style=\"color: #339966\">I<\/span><span style=\"color: #cc99ff\">Z<\/span> <span style=\"color: #0000ff\">D<\/span><span style=\"color: #ff0000\">\u00cd<\/span><span style=\"color: #ffcc00\">A<\/span> <span style=\"color: #993366\">D<\/span><span style=\"color: #cc99ff\">E<\/span> <span style=\"color: #333399\">L<\/span><span style=\"color: #993300\">A<\/span> <span style=\"color: #ff00ff\">P<\/span><span style=\"color: #003366\">O<\/span><span style=\"color: #ffff00\">E<\/span><span style=\"color: #800000\">S<\/span><span style=\"color: #00ff00\">\u00cd<\/span><span style=\"color: #000000\">A<\/span><\/strong><\/span><\/p>\n<p>&nbsp;<\/p>\n<p>&nbsp;<\/p>\n<p>&nbsp;<\/p>\n<p>&nbsp;<\/p>\n<p style=\"text-align: left\">\n","protected":false},"excerpt":{"rendered":"<p>Hoy 21 de marzo celebramos el D\u00eda Mundial de la Poes\u00eda, es una buena ocasi\u00f3n para rememorar a nuestros poetas y fomentar la lectura y escritura de poes\u00eda. Los alumnos de 4\u00ba ESO de nuestro centro se han convertido en poetas vanguardistas por un d\u00eda y nos han dejado unas creaciones muy originales. Los alumnos [&hellip;]<\/p>\n","protected":false},"author":358,"featured_media":0,"comment_status":"open","ping_status":"closed","sticky":false,"template":"","format":"standard","meta":{"footnotes":""},"categories":[9,8],"tags":[],"class_list":["post-746","post","type-post","status-publish","format-standard","hentry","category-blog","category-poesia-para-llevar"],"_links":{"self":[{"href":"https:\/\/wp.catedu.es\/bibliotecaiesillueca\/wp-json\/wp\/v2\/posts\/746","targetHints":{"allow":["GET"]}}],"collection":[{"href":"https:\/\/wp.catedu.es\/bibliotecaiesillueca\/wp-json\/wp\/v2\/posts"}],"about":[{"href":"https:\/\/wp.catedu.es\/bibliotecaiesillueca\/wp-json\/wp\/v2\/types\/post"}],"author":[{"embeddable":true,"href":"https:\/\/wp.catedu.es\/bibliotecaiesillueca\/wp-json\/wp\/v2\/users\/358"}],"replies":[{"embeddable":true,"href":"https:\/\/wp.catedu.es\/bibliotecaiesillueca\/wp-json\/wp\/v2\/comments?post=746"}],"version-history":[{"count":4,"href":"https:\/\/wp.catedu.es\/bibliotecaiesillueca\/wp-json\/wp\/v2\/posts\/746\/revisions"}],"predecessor-version":[{"id":754,"href":"https:\/\/wp.catedu.es\/bibliotecaiesillueca\/wp-json\/wp\/v2\/posts\/746\/revisions\/754"}],"wp:attachment":[{"href":"https:\/\/wp.catedu.es\/bibliotecaiesillueca\/wp-json\/wp\/v2\/media?parent=746"}],"wp:term":[{"taxonomy":"category","embeddable":true,"href":"https:\/\/wp.catedu.es\/bibliotecaiesillueca\/wp-json\/wp\/v2\/categories?post=746"},{"taxonomy":"post_tag","embeddable":true,"href":"https:\/\/wp.catedu.es\/bibliotecaiesillueca\/wp-json\/wp\/v2\/tags?post=746"}],"curies":[{"name":"wp","href":"https:\/\/api.w.org\/{rel}","templated":true}]}}