{"id":755,"date":"2022-03-23T22:31:09","date_gmt":"2022-03-23T21:31:09","guid":{"rendered":"https:\/\/wp.catedu.es\/bibliotecaiesillueca\/?p=755"},"modified":"2022-03-23T22:37:58","modified_gmt":"2022-03-23T21:37:58","slug":"poesia-para-llevar-no17","status":"publish","type":"post","link":"https:\/\/wp.catedu.es\/bibliotecaiesillueca\/poesia-para-llevar-no17\/","title":{"rendered":"Poes\u00eda para Llevar: n\u00ba17"},"content":{"rendered":"<div class=\"gmail_default\"><span style=\"font-family: verdana, sans-serif\">Hola a todo el mundo:<\/span><\/div>\n<div class=\"gmail_default\"><span style=\"font-family: verdana, sans-serif\">Para el n\u00famero 17 el\u00a0 IES Cinca-Alcanadre nos trae la imprescindible voz de \u00c1nchel Conte. <\/span><span style=\"font-family: verdana, sans-serif\">Much\u00edsimas gracias al IES Cinca-Alcanadre por reivindicar la poes\u00eda de este poeta y su importante papel en el reconocimiento y la defensa del aragon\u00e9s. <\/span><\/div>\n<div><a href=\"https:\/\/wp.catedu.es\/bibliotecaiesillueca\/poesia-para-llevar-no17\/ppll2122_17d_anchel-conte_siempre-ye-o-mesmo\/\" rel=\"attachment wp-att-756\">PPLL2122_17D_\u00c1nchel Conte_Siempre ye o mesmo<\/a><\/div>\n<div><a href=\"https:\/\/wp.catedu.es\/bibliotecaiesillueca\/poesia-para-llevar-no17\/ppll2122_jpg_17d_cara-a\/\" rel=\"attachment wp-att-757\"><img loading=\"lazy\" decoding=\"async\" class=\"alignnone wp-image-757\" src=\"http:\/\/wp.catedu.es\/bibliotecaiesillueca\/wp-content\/uploads\/sites\/200\/2022\/03\/PPLL2122_jpg_17D_cara-A-212x300.jpg\" alt=\"\" width=\"434\" height=\"614\" srcset=\"https:\/\/wp.catedu.es\/bibliotecaiesillueca\/wp-content\/uploads\/sites\/200\/2022\/03\/PPLL2122_jpg_17D_cara-A-212x300.jpg 212w, https:\/\/wp.catedu.es\/bibliotecaiesillueca\/wp-content\/uploads\/sites\/200\/2022\/03\/PPLL2122_jpg_17D_cara-A-725x1024.jpg 725w, https:\/\/wp.catedu.es\/bibliotecaiesillueca\/wp-content\/uploads\/sites\/200\/2022\/03\/PPLL2122_jpg_17D_cara-A-768x1085.jpg 768w, https:\/\/wp.catedu.es\/bibliotecaiesillueca\/wp-content\/uploads\/sites\/200\/2022\/03\/PPLL2122_jpg_17D_cara-A-1087x1536.jpg 1087w, https:\/\/wp.catedu.es\/bibliotecaiesillueca\/wp-content\/uploads\/sites\/200\/2022\/03\/PPLL2122_jpg_17D_cara-A-163x230.jpg 163w, https:\/\/wp.catedu.es\/bibliotecaiesillueca\/wp-content\/uploads\/sites\/200\/2022\/03\/PPLL2122_jpg_17D_cara-A.jpg 1241w\" sizes=\"auto, (max-width: 434px) 100vw, 434px\" \/><\/a><\/div>\n<div><\/div>\n<div>Por otra parte, desde PPLL quieren compartir\u00a0 con todas las personas que participan en Poes\u00eda para Llevar el art\u00edculo que Pilar B\u00e9nitez, poeta, compa\u00f1era y escritora, ha dedicado al programa en el Heraldo de Arag\u00f3n:<\/div>\n<div><a href=\"https:\/\/www.heraldo.es\/noticias\/opinion\/2022\/03\/23\/poesia-para-llevar-maria-pilar-benitez-marco-1561759.html\">https:\/\/www.heraldo.es\/noticias\/opinion\/2022\/03\/23\/poesia-para-llevar-maria-pilar-benitez-marco-1561759.html<\/a><\/div>\n<div>\n<div>\u00a1Saludos!<\/div>\n<\/div>\n","protected":false},"excerpt":{"rendered":"<p>Hola a todo el mundo: Para el n\u00famero 17 el\u00a0 IES Cinca-Alcanadre nos trae la imprescindible voz de \u00c1nchel Conte. Much\u00edsimas gracias al IES Cinca-Alcanadre por reivindicar la poes\u00eda de este poeta y su importante papel en el reconocimiento y la defensa del aragon\u00e9s. PPLL2122_17D_\u00c1nchel Conte_Siempre ye o mesmo Por otra parte, desde PPLL quieren [&hellip;]<\/p>\n","protected":false},"author":358,"featured_media":0,"comment_status":"open","ping_status":"closed","sticky":false,"template":"","format":"standard","meta":{"footnotes":""},"categories":[9,8],"tags":[],"class_list":["post-755","post","type-post","status-publish","format-standard","hentry","category-blog","category-poesia-para-llevar"],"_links":{"self":[{"href":"https:\/\/wp.catedu.es\/bibliotecaiesillueca\/wp-json\/wp\/v2\/posts\/755","targetHints":{"allow":["GET"]}}],"collection":[{"href":"https:\/\/wp.catedu.es\/bibliotecaiesillueca\/wp-json\/wp\/v2\/posts"}],"about":[{"href":"https:\/\/wp.catedu.es\/bibliotecaiesillueca\/wp-json\/wp\/v2\/types\/post"}],"author":[{"embeddable":true,"href":"https:\/\/wp.catedu.es\/bibliotecaiesillueca\/wp-json\/wp\/v2\/users\/358"}],"replies":[{"embeddable":true,"href":"https:\/\/wp.catedu.es\/bibliotecaiesillueca\/wp-json\/wp\/v2\/comments?post=755"}],"version-history":[{"count":12,"href":"https:\/\/wp.catedu.es\/bibliotecaiesillueca\/wp-json\/wp\/v2\/posts\/755\/revisions"}],"predecessor-version":[{"id":770,"href":"https:\/\/wp.catedu.es\/bibliotecaiesillueca\/wp-json\/wp\/v2\/posts\/755\/revisions\/770"}],"wp:attachment":[{"href":"https:\/\/wp.catedu.es\/bibliotecaiesillueca\/wp-json\/wp\/v2\/media?parent=755"}],"wp:term":[{"taxonomy":"category","embeddable":true,"href":"https:\/\/wp.catedu.es\/bibliotecaiesillueca\/wp-json\/wp\/v2\/categories?post=755"},{"taxonomy":"post_tag","embeddable":true,"href":"https:\/\/wp.catedu.es\/bibliotecaiesillueca\/wp-json\/wp\/v2\/tags?post=755"}],"curies":[{"name":"wp","href":"https:\/\/api.w.org\/{rel}","templated":true}]}}