{"id":892,"date":"2022-11-21T12:00:11","date_gmt":"2022-11-21T11:00:11","guid":{"rendered":"https:\/\/wp.catedu.es\/bibliotecaiesillueca\/?p=892"},"modified":"2023-05-16T19:05:45","modified_gmt":"2023-05-16T17:05:45","slug":"poesia-para-llevar-no2-2","status":"publish","type":"post","link":"https:\/\/wp.catedu.es\/bibliotecaiesillueca\/poesia-para-llevar-no2-2\/","title":{"rendered":"Poes\u00eda para llevar: n\u00ba2"},"content":{"rendered":"<p>El poema 2 se acompasa con el tiempo y nos trae la lluvia. Nos empapamos de los versos de Borges elegidos por el IES \u00cdtaca para su n\u00famero semanal.<\/p>\n<p>Esperemos que lo disfrut\u00e9is.<a href=\"https:\/\/wp.catedu.es\/bibliotecaiesillueca\/poesia-para-llevar-no2-2\/ppll2223_jpg_2b_cara-a\/\" rel=\"attachment wp-att-893\"><img loading=\"lazy\" decoding=\"async\" class=\"aligncenter size-large wp-image-893\" src=\"http:\/\/wp.catedu.es\/bibliotecaiesillueca\/wp-content\/uploads\/sites\/200\/2022\/11\/PPLL2223_jpg_2B_cara-A-724x1024.jpg\" alt=\"\" width=\"724\" height=\"1024\" srcset=\"https:\/\/wp.catedu.es\/bibliotecaiesillueca\/wp-content\/uploads\/sites\/200\/2022\/11\/PPLL2223_jpg_2B_cara-A-724x1024.jpg 724w, https:\/\/wp.catedu.es\/bibliotecaiesillueca\/wp-content\/uploads\/sites\/200\/2022\/11\/PPLL2223_jpg_2B_cara-A-212x300.jpg 212w, https:\/\/wp.catedu.es\/bibliotecaiesillueca\/wp-content\/uploads\/sites\/200\/2022\/11\/PPLL2223_jpg_2B_cara-A-768x1086.jpg 768w, https:\/\/wp.catedu.es\/bibliotecaiesillueca\/wp-content\/uploads\/sites\/200\/2022\/11\/PPLL2223_jpg_2B_cara-A-1086x1536.jpg 1086w, https:\/\/wp.catedu.es\/bibliotecaiesillueca\/wp-content\/uploads\/sites\/200\/2022\/11\/PPLL2223_jpg_2B_cara-A-163x230.jpg 163w, https:\/\/wp.catedu.es\/bibliotecaiesillueca\/wp-content\/uploads\/sites\/200\/2022\/11\/PPLL2223_jpg_2B_cara-A.jpg 1241w\" sizes=\"auto, (max-width: 724px) 100vw, 724px\" \/><\/a><\/p>\n<p>Abrazos po\u00e9ticos,<\/p>\n","protected":false},"excerpt":{"rendered":"<p>El poema 2 se acompasa con el tiempo y nos trae la lluvia. Nos empapamos de los versos de Borges elegidos por el IES \u00cdtaca para su n\u00famero semanal. Esperemos que lo disfrut\u00e9is. Abrazos po\u00e9ticos,<\/p>\n","protected":false},"author":358,"featured_media":0,"comment_status":"open","ping_status":"closed","sticky":false,"template":"","format":"standard","meta":{"footnotes":""},"categories":[9,8],"tags":[],"class_list":["post-892","post","type-post","status-publish","format-standard","hentry","category-blog","category-poesia-para-llevar"],"_links":{"self":[{"href":"https:\/\/wp.catedu.es\/bibliotecaiesillueca\/wp-json\/wp\/v2\/posts\/892","targetHints":{"allow":["GET"]}}],"collection":[{"href":"https:\/\/wp.catedu.es\/bibliotecaiesillueca\/wp-json\/wp\/v2\/posts"}],"about":[{"href":"https:\/\/wp.catedu.es\/bibliotecaiesillueca\/wp-json\/wp\/v2\/types\/post"}],"author":[{"embeddable":true,"href":"https:\/\/wp.catedu.es\/bibliotecaiesillueca\/wp-json\/wp\/v2\/users\/358"}],"replies":[{"embeddable":true,"href":"https:\/\/wp.catedu.es\/bibliotecaiesillueca\/wp-json\/wp\/v2\/comments?post=892"}],"version-history":[{"count":2,"href":"https:\/\/wp.catedu.es\/bibliotecaiesillueca\/wp-json\/wp\/v2\/posts\/892\/revisions"}],"predecessor-version":[{"id":895,"href":"https:\/\/wp.catedu.es\/bibliotecaiesillueca\/wp-json\/wp\/v2\/posts\/892\/revisions\/895"}],"wp:attachment":[{"href":"https:\/\/wp.catedu.es\/bibliotecaiesillueca\/wp-json\/wp\/v2\/media?parent=892"}],"wp:term":[{"taxonomy":"category","embeddable":true,"href":"https:\/\/wp.catedu.es\/bibliotecaiesillueca\/wp-json\/wp\/v2\/categories?post=892"},{"taxonomy":"post_tag","embeddable":true,"href":"https:\/\/wp.catedu.es\/bibliotecaiesillueca\/wp-json\/wp\/v2\/tags?post=892"}],"curies":[{"name":"wp","href":"https:\/\/api.w.org\/{rel}","templated":true}]}}