{"id":911,"date":"2022-11-25T14:21:23","date_gmt":"2022-11-25T13:21:23","guid":{"rendered":"https:\/\/wp.catedu.es\/bibliotecaiesillueca\/?p=911"},"modified":"2022-11-28T19:40:39","modified_gmt":"2022-11-28T18:40:39","slug":"biblioteca-25n","status":"publish","type":"post","link":"https:\/\/wp.catedu.es\/bibliotecaiesillueca\/biblioteca-25n\/","title":{"rendered":"Biblioteca 25N"},"content":{"rendered":"<p>En la <strong>Biblioteca<\/strong> del #IESSierradelaVirgen tenemos un rinc\u00f3n maravillo con lecturas relacionadas con la tem\u00e1tica del 25N. Adem\u00e1s, algunos alumnos nos han dejado los trabajos que han realizado. \u00a1Son unos artistas!<\/p>\n<p>\u00bfLo hab\u00e9is visto?<\/p>\n<p>Feliz fin de semana.<\/p>\n<p>&nbsp;<\/p>\n<p><a href=\"https:\/\/wp.catedu.es\/bibliotecaiesillueca\/biblioteca-25n\/whatsapp-image-2022-11-25-at-2-09-35-pm-2\/\" rel=\"attachment wp-att-916\"><img loading=\"lazy\" decoding=\"async\" class=\"wp-image-916 aligncenter\" src=\"http:\/\/wp.catedu.es\/bibliotecaiesillueca\/wp-content\/uploads\/sites\/200\/2022\/11\/WhatsApp-Image-2022-11-25-at-2.09.35-PM-1-300x225.jpeg\" alt=\"\" width=\"447\" height=\"335\" srcset=\"https:\/\/wp.catedu.es\/bibliotecaiesillueca\/wp-content\/uploads\/sites\/200\/2022\/11\/WhatsApp-Image-2022-11-25-at-2.09.35-PM-1-300x225.jpeg 300w, https:\/\/wp.catedu.es\/bibliotecaiesillueca\/wp-content\/uploads\/sites\/200\/2022\/11\/WhatsApp-Image-2022-11-25-at-2.09.35-PM-1-1024x768.jpeg 1024w, https:\/\/wp.catedu.es\/bibliotecaiesillueca\/wp-content\/uploads\/sites\/200\/2022\/11\/WhatsApp-Image-2022-11-25-at-2.09.35-PM-1-768x576.jpeg 768w, https:\/\/wp.catedu.es\/bibliotecaiesillueca\/wp-content\/uploads\/sites\/200\/2022\/11\/WhatsApp-Image-2022-11-25-at-2.09.35-PM-1-1536x1152.jpeg 1536w, https:\/\/wp.catedu.es\/bibliotecaiesillueca\/wp-content\/uploads\/sites\/200\/2022\/11\/WhatsApp-Image-2022-11-25-at-2.09.35-PM-1-307x230.jpeg 307w, https:\/\/wp.catedu.es\/bibliotecaiesillueca\/wp-content\/uploads\/sites\/200\/2022\/11\/WhatsApp-Image-2022-11-25-at-2.09.35-PM-1.jpeg 2048w\" sizes=\"auto, (max-width: 447px) 100vw, 447px\" \/><\/a><\/p>\n<p>&nbsp;<\/p>\n<p>&nbsp;<\/p>\n<p>&nbsp;<\/p>\n<p>&nbsp;<\/p>\n<p>&nbsp;<\/p>\n<p>&nbsp;<\/p>\n<p>&nbsp;<\/p>\n<p>&nbsp;<\/p>\n<p>&nbsp;<\/p>\n<p>&nbsp;<\/p>\n","protected":false},"excerpt":{"rendered":"<p>En la Biblioteca del #IESSierradelaVirgen tenemos un rinc\u00f3n maravillo con lecturas relacionadas con la tem\u00e1tica del 25N. Adem\u00e1s, algunos alumnos nos han dejado los trabajos que han realizado. \u00a1Son unos artistas! \u00bfLo hab\u00e9is visto? Feliz fin de semana. &nbsp; &nbsp; &nbsp; &nbsp; &nbsp; &nbsp; &nbsp; &nbsp; &nbsp; &nbsp; &nbsp;<\/p>\n","protected":false},"author":358,"featured_media":0,"comment_status":"open","ping_status":"closed","sticky":false,"template":"","format":"standard","meta":{"footnotes":""},"categories":[9],"tags":[],"class_list":["post-911","post","type-post","status-publish","format-standard","hentry","category-blog"],"_links":{"self":[{"href":"https:\/\/wp.catedu.es\/bibliotecaiesillueca\/wp-json\/wp\/v2\/posts\/911","targetHints":{"allow":["GET"]}}],"collection":[{"href":"https:\/\/wp.catedu.es\/bibliotecaiesillueca\/wp-json\/wp\/v2\/posts"}],"about":[{"href":"https:\/\/wp.catedu.es\/bibliotecaiesillueca\/wp-json\/wp\/v2\/types\/post"}],"author":[{"embeddable":true,"href":"https:\/\/wp.catedu.es\/bibliotecaiesillueca\/wp-json\/wp\/v2\/users\/358"}],"replies":[{"embeddable":true,"href":"https:\/\/wp.catedu.es\/bibliotecaiesillueca\/wp-json\/wp\/v2\/comments?post=911"}],"version-history":[{"count":5,"href":"https:\/\/wp.catedu.es\/bibliotecaiesillueca\/wp-json\/wp\/v2\/posts\/911\/revisions"}],"predecessor-version":[{"id":915,"href":"https:\/\/wp.catedu.es\/bibliotecaiesillueca\/wp-json\/wp\/v2\/posts\/911\/revisions\/915"}],"wp:attachment":[{"href":"https:\/\/wp.catedu.es\/bibliotecaiesillueca\/wp-json\/wp\/v2\/media?parent=911"}],"wp:term":[{"taxonomy":"category","embeddable":true,"href":"https:\/\/wp.catedu.es\/bibliotecaiesillueca\/wp-json\/wp\/v2\/categories?post=911"},{"taxonomy":"post_tag","embeddable":true,"href":"https:\/\/wp.catedu.es\/bibliotecaiesillueca\/wp-json\/wp\/v2\/tags?post=911"}],"curies":[{"name":"wp","href":"https:\/\/api.w.org\/{rel}","templated":true}]}}