{"id":273,"date":"2017-05-17T22:15:25","date_gmt":"2017-05-17T21:15:25","guid":{"rendered":"http:\/\/wp.catedu.es\/comprenderparavivir\/?p=273"},"modified":"2020-11-29T15:41:23","modified_gmt":"2020-11-29T14:41:23","slug":"libros-de-violeta-monreal-para-trabajar-el-lenguaje-oral","status":"publish","type":"post","link":"https:\/\/wp.catedu.es\/comprenderparavivir\/libros-de-violeta-monreal-para-trabajar-el-lenguaje-oral\/","title":{"rendered":"LIBROS DE VIOLETA MONREAL PARA TRABAJAR EL LENGUAJE ORAL"},"content":{"rendered":"<p>Violeta Monreal, ha sacado una interesante colecci\u00f3n de\u00a0libros que contienen <strong>preguntas y de respuestas<\/strong> sobre temas que enriquecer\u00e1n al ni\u00f1o en su visi\u00f3n del ser humano, la vida y el mundo.<a href=\"http:\/\/wp.catedu.es\/comprenderparavivir\/wp-content\/uploads\/sites\/15\/2017\/05\/web-1-1.jpg\"><img loading=\"lazy\" decoding=\"async\" data-attachment-id=\"275\" data-permalink=\"https:\/\/wp.catedu.es\/comprenderparavivir\/libros-de-violeta-monreal-para-trabajar-el-lenguaje-oral\/web-1-2\/\" data-orig-file=\"https:\/\/wp.catedu.es\/comprenderparavivir\/wp-content\/uploads\/sites\/15\/2017\/05\/web-1-1.jpg\" data-orig-size=\"400,300\" data-comments-opened=\"0\" data-image-meta=\"{&quot;aperture&quot;:&quot;0&quot;,&quot;credit&quot;:&quot;&quot;,&quot;camera&quot;:&quot;&quot;,&quot;caption&quot;:&quot;&quot;,&quot;created_timestamp&quot;:&quot;0&quot;,&quot;copyright&quot;:&quot;&quot;,&quot;focal_length&quot;:&quot;0&quot;,&quot;iso&quot;:&quot;0&quot;,&quot;shutter_speed&quot;:&quot;0&quot;,&quot;title&quot;:&quot;&quot;,&quot;orientation&quot;:&quot;0&quot;}\" data-image-title=\"web 1\" data-image-description=\"\" data-image-caption=\"\" data-large-file=\"https:\/\/wp.catedu.es\/comprenderparavivir\/wp-content\/uploads\/sites\/15\/2017\/05\/web-1-1.jpg\" class=\"size-medium wp-image-275 alignleft\" src=\"http:\/\/wp.catedu.es\/comprenderparavivir\/wp-content\/uploads\/sites\/15\/2017\/05\/web-1-1-300x225.jpg\" alt=\"web 1\" width=\"300\" height=\"225\" srcset=\"https:\/\/wp.catedu.es\/comprenderparavivir\/wp-content\/uploads\/sites\/15\/2017\/05\/web-1-1-300x225.jpg 300w, https:\/\/wp.catedu.es\/comprenderparavivir\/wp-content\/uploads\/sites\/15\/2017\/05\/web-1-1.jpg 400w\" sizes=\"auto, (max-width: 300px) 100vw, 300px\" \/><\/a><\/p>\n<p>Las preguntas no solo generar\u00e1n debates en la clase\u00a0 sino que tambi\u00e9n permiten a los lectores expresar preferencias o satisfacer sus curiosidades.<\/p>\n<p>El objetivo de esta colecci\u00f3n es que los alumnos se acostumbren a pensar, decidir y opinar, con ideas propias, sobre todo tipo de temas, y que esto ayude a su desarrollo integral como individuos maduros e aut\u00f3nomos.<\/p>\n<p>Tambi\u00e9n se busca mejorar la <strong>expresi\u00f3n oral<\/strong> de los\u00a0ni\u00f1os y ni\u00f1as\u00a0y fomentar la conversaci\u00f3n, ya que la lectura de estos t\u00edtulos genera un di\u00e1logo constante.<\/p>\n<p>Al mismo tiempo, los estudiantes desarrollar\u00e1n l<strong>a imaginaci\u00f3n y creatividad<\/strong>. El l\u00edmite en las respuestas a las preguntas lo pone la imaginaci\u00f3n de cada lector.<\/p>\n<p>Los textos y di\u00e1logos nos invitar\u00e1n posteriormente\u00a0a \u00a0escribir o dibujar nuestras ideas.<\/p>\n<p><a href=\"https:\/\/www.anayainfantilyjuvenil.com\/catalogos\/capitulos_promocion\/IJ00391201_9999982573.pdf\">Hojea uno de los libros<\/a><\/p>\n<p><strong>Diez temas<\/strong> llenos de inter\u00e9s que incitan a los lectores a expresar sus preferencias y satisfacer sus curiosidades.<\/p>\n<ul>\n<li><strong><a href=\"http:\/\/www.anayainfantilyjuvenil.com\/core.php?opcion=ficha&amp;codigo_comercial=1505005\" target=\"_blank\" rel=\"noopener noreferrer\"><em><u><span style=\"color: #0066cc\">\u00bfQu\u00e9 animal te gustar\u00eda ser?<\/span><\/u><\/em><\/a><\/strong><\/li>\n<li><strong><a href=\"http:\/\/www.anayainfantilyjuvenil.com\/core.php?opcion=ficha&amp;codigo_comercial=1505006\" target=\"_blank\" rel=\"noopener noreferrer\"><em><u><span style=\"color: #0066cc\">\u00bfEn qu\u00e9 obra de arte te gustar\u00eda vivir?\u00a0<\/span><\/u><\/em><\/a><\/strong><\/li>\n<li><strong><a href=\"http:\/\/www.anayainfantilyjuvenil.com\/core.php?opcion=ficha&amp;codigo_comercial=1505007\" target=\"_blank\" rel=\"noopener noreferrer\"><em><u><span style=\"color: #0066cc\">\u00bfQu\u00e9 te gustar\u00eda ser de mayor?\u00a0<\/span><\/u><\/em><\/a><\/strong><\/li>\n<li><strong><a href=\"http:\/\/www.anayainfantilyjuvenil.com\/core.php?opcion=ficha&amp;codigo_comercial=1505008\" target=\"_blank\" rel=\"noopener noreferrer\"><em><u><span style=\"color: #0066cc\">\u00bfQu\u00e9 deseo pedir\u00edas?\u00a0<\/span><\/u><\/em><\/a><\/strong><\/li>\n<li><strong><a href=\"http:\/\/www.anayainfantilyjuvenil.com\/core.php?opcion=ficha&amp;codigo_comercial=1505009\" target=\"_blank\" rel=\"noopener noreferrer\"><em><u><span style=\"color: #0066cc\">\u00bfQu\u00e9 te gustar\u00eda inventar?\u00a0<\/span><\/u><\/em><\/a><\/strong><\/li>\n<li><strong><a href=\"http:\/\/www.anayainfantilyjuvenil.com\/core.php?opcion=ficha&amp;codigo_comercial=1505010\" target=\"_blank\" rel=\"noopener noreferrer\"><em><u><span style=\"color: #0066cc\">\u00bfQu\u00e9 es lo m\u00e1s bello del mundo?\u00a0<\/span><\/u><\/em><\/a><\/strong><\/li>\n<li><strong><a href=\"http:\/\/www.anayainfantilyjuvenil.com\/core.php?opcion=ficha&amp;codigo_comercial=1505011\" target=\"_blank\" rel=\"noopener noreferrer\"><em><u><span style=\"color: #0066cc\">\u00bfEn qu\u00e9 lugar te gustar\u00eda vivir?\u00a0<\/span><\/u><\/em><\/a><\/strong><\/li>\n<li><strong><a href=\"http:\/\/www.anayainfantilyjuvenil.com\/core.php?opcion=ficha&amp;codigo_comercial=1505012\" target=\"_blank\" rel=\"noopener noreferrer\"><em><u><span style=\"color: #0066cc\">\u00bfQu\u00e9 personaje te gustar\u00eda ser?\u00a0<\/span><\/u><\/em><\/a><\/strong><\/li>\n<li><strong><a href=\"http:\/\/www.anayainfantilyjuvenil.com\/core.php?opcion=ficha&amp;codigo_comercial=1505013\" target=\"_blank\" rel=\"noopener noreferrer\"><em><u><span style=\"color: #0066cc\">\u00bfQu\u00e9 te hace feliz?\u00a0<\/span><\/u><\/em><\/a><\/strong><\/li>\n<li><strong><em><a href=\"http:\/\/www.anayainfantilyjuvenil.com\/core.php?opcion=ficha&amp;codigo_comercial=1505014\" target=\"_blank\" rel=\"noopener noreferrer\"><u><span style=\"color: #0066cc\">\u00bfQu\u00e9 miedo te gustar\u00eda vencer?<\/span><\/u><\/a><\/em><\/strong><\/li>\n<\/ul>\n","protected":false},"excerpt":{"rendered":"<p>Violeta Monreal, ha sacado una interesante colecci\u00f3n de\u00a0libros que contienen preguntas y de respuestas sobre temas que enriquecer\u00e1n al ni\u00f1o en su visi\u00f3n del ser humano, la vida y el mundo. Las preguntas no solo generar\u00e1n debates en la clase\u00a0 sino que tambi\u00e9n permiten a los lectores expresar preferencias o satisfacer sus curiosidades. El objetivo &hellip; <a href=\"https:\/\/wp.catedu.es\/comprenderparavivir\/libros-de-violeta-monreal-para-trabajar-el-lenguaje-oral\/\" class=\"more-link\">Seguir leyendo <span class=\"screen-reader-text\">LIBROS DE VIOLETA MONREAL PARA TRABAJAR EL LENGUAJE ORAL<\/span> <span class=\"meta-nav\">&rarr;<\/span><\/a><\/p>\n","protected":false},"author":38,"featured_media":0,"comment_status":"closed","ping_status":"closed","sticky":false,"template":"","format":"standard","meta":{"jetpack_post_was_ever_published":false,"_jetpack_newsletter_access":"","_jetpack_dont_email_post_to_subs":false,"_jetpack_newsletter_tier_id":0,"_jetpack_memberships_contains_paywalled_content":false,"_jetpack_memberships_contains_paid_content":false,"footnotes":"","jetpack_publicize_message":"","jetpack_publicize_feature_enabled":true,"jetpack_social_post_already_shared":true,"jetpack_social_options":{"image_generator_settings":{"template":"highway","default_image_id":0,"font":"","enabled":false},"version":2}},"categories":[137,1],"tags":[103,121,125,127,126,128,13,107,112],"class_list":["post-273","post","type-post","status-publish","format-standard","hentry","category-lenguajeoral","category-sin-categoria","tag-ateca","tag-comprension-oral","tag-conversacion","tag-creatividad","tag-dialogos","tag-infantil-y-primaria","tag-jesus-gil-alejandre","tag-lenguaje-oral","tag-virgen-de-la-peana"],"jetpack_publicize_connections":[],"jetpack_featured_media_url":"","jetpack_sharing_enabled":true,"jetpack_shortlink":"https:\/\/wp.me\/p5LW2p-4p","jetpack_likes_enabled":true,"_links":{"self":[{"href":"https:\/\/wp.catedu.es\/comprenderparavivir\/wp-json\/wp\/v2\/posts\/273","targetHints":{"allow":["GET"]}}],"collection":[{"href":"https:\/\/wp.catedu.es\/comprenderparavivir\/wp-json\/wp\/v2\/posts"}],"about":[{"href":"https:\/\/wp.catedu.es\/comprenderparavivir\/wp-json\/wp\/v2\/types\/post"}],"author":[{"embeddable":true,"href":"https:\/\/wp.catedu.es\/comprenderparavivir\/wp-json\/wp\/v2\/users\/38"}],"replies":[{"embeddable":true,"href":"https:\/\/wp.catedu.es\/comprenderparavivir\/wp-json\/wp\/v2\/comments?post=273"}],"version-history":[{"count":4,"href":"https:\/\/wp.catedu.es\/comprenderparavivir\/wp-json\/wp\/v2\/posts\/273\/revisions"}],"predecessor-version":[{"id":299,"href":"https:\/\/wp.catedu.es\/comprenderparavivir\/wp-json\/wp\/v2\/posts\/273\/revisions\/299"}],"wp:attachment":[{"href":"https:\/\/wp.catedu.es\/comprenderparavivir\/wp-json\/wp\/v2\/media?parent=273"}],"wp:term":[{"taxonomy":"category","embeddable":true,"href":"https:\/\/wp.catedu.es\/comprenderparavivir\/wp-json\/wp\/v2\/categories?post=273"},{"taxonomy":"post_tag","embeddable":true,"href":"https:\/\/wp.catedu.es\/comprenderparavivir\/wp-json\/wp\/v2\/tags?post=273"}],"curies":[{"name":"wp","href":"https:\/\/api.w.org\/{rel}","templated":true}]}}