{"id":278,"date":"2017-05-18T22:52:24","date_gmt":"2017-05-18T21:52:24","guid":{"rendered":"http:\/\/wp.catedu.es\/comprenderparavivir\/?p=278"},"modified":"2020-11-29T15:41:23","modified_gmt":"2020-11-29T14:41:23","slug":"hoy-hablamos-cantando","status":"publish","type":"post","link":"https:\/\/wp.catedu.es\/comprenderparavivir\/hoy-hablamos-cantando\/","title":{"rendered":"HOY HABLAMOS CANTANDO"},"content":{"rendered":"<p>A las personas mayores nos cuesta hablar en p\u00fablico y por ello tenemos miedo a hacerlo habitualmente. Tambi\u00e9n los ni\u00f1os y ni\u00f1as tienen miedo a enfrentarse a esta situaci\u00f3n, pero dado que a lo largo de nuestra vida tendremos que hacerlo en multitud de ocasiones, es necesario comenzar a trabajarlo desde infantil.<a href=\"http:\/\/wp.catedu.es\/comprenderparavivir\/wp-content\/uploads\/sites\/15\/2017\/05\/web-1-2.jpg\"><img loading=\"lazy\" decoding=\"async\" data-attachment-id=\"280\" data-permalink=\"https:\/\/wp.catedu.es\/comprenderparavivir\/hoy-hablamos-cantando\/web-1-3\/\" data-orig-file=\"https:\/\/wp.catedu.es\/comprenderparavivir\/wp-content\/uploads\/sites\/15\/2017\/05\/web-1-2.jpg\" data-orig-size=\"320,240\" data-comments-opened=\"0\" data-image-meta=\"{&quot;aperture&quot;:&quot;0&quot;,&quot;credit&quot;:&quot;&quot;,&quot;camera&quot;:&quot;&quot;,&quot;caption&quot;:&quot;&quot;,&quot;created_timestamp&quot;:&quot;0&quot;,&quot;copyright&quot;:&quot;&quot;,&quot;focal_length&quot;:&quot;0&quot;,&quot;iso&quot;:&quot;0&quot;,&quot;shutter_speed&quot;:&quot;0&quot;,&quot;title&quot;:&quot;&quot;,&quot;orientation&quot;:&quot;0&quot;}\" data-image-title=\"web 1\" data-image-description=\"\" data-image-caption=\"\" data-large-file=\"https:\/\/wp.catedu.es\/comprenderparavivir\/wp-content\/uploads\/sites\/15\/2017\/05\/web-1-2.jpg\" class=\"wp-image-280 alignleft\" src=\"http:\/\/wp.catedu.es\/comprenderparavivir\/wp-content\/uploads\/sites\/15\/2017\/05\/web-1-2-300x225.jpg\" alt=\"web 1\" width=\"215\" height=\"161\" srcset=\"https:\/\/wp.catedu.es\/comprenderparavivir\/wp-content\/uploads\/sites\/15\/2017\/05\/web-1-2-300x225.jpg 300w, https:\/\/wp.catedu.es\/comprenderparavivir\/wp-content\/uploads\/sites\/15\/2017\/05\/web-1-2.jpg 320w\" sizes=\"auto, (max-width: 215px) 100vw, 215px\" \/><\/a><\/p>\n<p>En muchas ocasiones, cuando nos tenemos que enfrentar a un p\u00fablico pensamos en primer lugar en nuestra apariencia (ropa adecuada&#8230;) o en el lenguaje corporal (gestos&#8230;) pero no debemos de olvidarnos que lo m\u00e1s importante ser\u00e1 el tono de voz que usemos, porque a trav\u00e9s de \u00e9l ser\u00e1 c\u00f3mo transmitimos nuestras ideas.<\/p>\n<p>Por ello os propongo un sencillo juego: Dar una parte de la clase cantando.<\/p>\n<p>Al principio, en tres a\u00f1os, podemos comenzar con los saludos, despu\u00e9s podemos seguir haciendo preguntas a los alumnos y alumnas para que ellos las contesten tambi\u00e9n cantado y a medida que vayan subiendo cursos podemos aumentar la duraci\u00f3n de la actividad.<a href=\"http:\/\/wp.catedu.es\/comprenderparavivir\/wp-content\/uploads\/sites\/15\/2017\/05\/web-2.jpg\"><img loading=\"lazy\" decoding=\"async\" data-attachment-id=\"281\" data-permalink=\"https:\/\/wp.catedu.es\/comprenderparavivir\/hoy-hablamos-cantando\/web-2\/\" data-orig-file=\"https:\/\/wp.catedu.es\/comprenderparavivir\/wp-content\/uploads\/sites\/15\/2017\/05\/web-2.jpg\" data-orig-size=\"315,381\" data-comments-opened=\"0\" data-image-meta=\"{&quot;aperture&quot;:&quot;0&quot;,&quot;credit&quot;:&quot;&quot;,&quot;camera&quot;:&quot;&quot;,&quot;caption&quot;:&quot;&quot;,&quot;created_timestamp&quot;:&quot;0&quot;,&quot;copyright&quot;:&quot;&quot;,&quot;focal_length&quot;:&quot;0&quot;,&quot;iso&quot;:&quot;0&quot;,&quot;shutter_speed&quot;:&quot;0&quot;,&quot;title&quot;:&quot;&quot;,&quot;orientation&quot;:&quot;0&quot;}\" data-image-title=\"web 2\" data-image-description=\"\" data-image-caption=\"\" data-large-file=\"https:\/\/wp.catedu.es\/comprenderparavivir\/wp-content\/uploads\/sites\/15\/2017\/05\/web-2.jpg\" class=\" wp-image-281 alignright\" src=\"http:\/\/wp.catedu.es\/comprenderparavivir\/wp-content\/uploads\/sites\/15\/2017\/05\/web-2-248x300.jpg\" alt=\"web 2\" width=\"179\" height=\"217\" srcset=\"https:\/\/wp.catedu.es\/comprenderparavivir\/wp-content\/uploads\/sites\/15\/2017\/05\/web-2-248x300.jpg 248w, https:\/\/wp.catedu.es\/comprenderparavivir\/wp-content\/uploads\/sites\/15\/2017\/05\/web-2.jpg 315w\" sizes=\"auto, (max-width: 179px) 100vw, 179px\" \/><\/a><\/p>\n<p>As\u00ed nos centraremos en mejorar la voz, utilizando diferentes tonos, modulando, trabajando la respiraci\u00f3n, utilizando resonadores, perdiendo el miedo al p\u00fablico y creando situaciones motivadoras y creativas\u00a0para los alumnos.<\/p>\n","protected":false},"excerpt":{"rendered":"<p>A las personas mayores nos cuesta hablar en p\u00fablico y por ello tenemos miedo a hacerlo habitualmente. Tambi\u00e9n los ni\u00f1os y ni\u00f1as tienen miedo a enfrentarse a esta situaci\u00f3n, pero dado que a lo largo de nuestra vida tendremos que hacerlo en multitud de ocasiones, es necesario comenzar a trabajarlo desde infantil. En muchas ocasiones, &hellip; <a href=\"https:\/\/wp.catedu.es\/comprenderparavivir\/hoy-hablamos-cantando\/\" class=\"more-link\">Seguir leyendo <span class=\"screen-reader-text\">HOY HABLAMOS CANTANDO<\/span> <span class=\"meta-nav\">&rarr;<\/span><\/a><\/p>\n","protected":false},"author":38,"featured_media":0,"comment_status":"closed","ping_status":"closed","sticky":false,"template":"","format":"standard","meta":{"jetpack_post_was_ever_published":false,"_jetpack_newsletter_access":"","_jetpack_dont_email_post_to_subs":false,"_jetpack_newsletter_tier_id":0,"_jetpack_memberships_contains_paywalled_content":false,"_jetpack_memberships_contains_paid_content":false,"footnotes":"","jetpack_publicize_message":"","jetpack_publicize_feature_enabled":true,"jetpack_social_post_already_shared":true,"jetpack_social_options":{"image_generator_settings":{"template":"highway","default_image_id":0,"font":"","enabled":false},"version":2}},"categories":[137,1],"tags":[103,130,102,132,13,129,131],"class_list":["post-278","post","type-post","status-publish","format-standard","hentry","category-lenguajeoral","category-sin-categoria","tag-ateca","tag-cantar","tag-ceip-virgen-de-la-peana","tag-educacion-infantil","tag-jesus-gil-alejandre","tag-lenguaje-oral-competencia-oral","tag-modular-voz"],"jetpack_publicize_connections":[],"jetpack_featured_media_url":"","jetpack_sharing_enabled":true,"jetpack_shortlink":"https:\/\/wp.me\/p5LW2p-4u","jetpack_likes_enabled":true,"_links":{"self":[{"href":"https:\/\/wp.catedu.es\/comprenderparavivir\/wp-json\/wp\/v2\/posts\/278","targetHints":{"allow":["GET"]}}],"collection":[{"href":"https:\/\/wp.catedu.es\/comprenderparavivir\/wp-json\/wp\/v2\/posts"}],"about":[{"href":"https:\/\/wp.catedu.es\/comprenderparavivir\/wp-json\/wp\/v2\/types\/post"}],"author":[{"embeddable":true,"href":"https:\/\/wp.catedu.es\/comprenderparavivir\/wp-json\/wp\/v2\/users\/38"}],"replies":[{"embeddable":true,"href":"https:\/\/wp.catedu.es\/comprenderparavivir\/wp-json\/wp\/v2\/comments?post=278"}],"version-history":[{"count":2,"href":"https:\/\/wp.catedu.es\/comprenderparavivir\/wp-json\/wp\/v2\/posts\/278\/revisions"}],"predecessor-version":[{"id":282,"href":"https:\/\/wp.catedu.es\/comprenderparavivir\/wp-json\/wp\/v2\/posts\/278\/revisions\/282"}],"wp:attachment":[{"href":"https:\/\/wp.catedu.es\/comprenderparavivir\/wp-json\/wp\/v2\/media?parent=278"}],"wp:term":[{"taxonomy":"category","embeddable":true,"href":"https:\/\/wp.catedu.es\/comprenderparavivir\/wp-json\/wp\/v2\/categories?post=278"},{"taxonomy":"post_tag","embeddable":true,"href":"https:\/\/wp.catedu.es\/comprenderparavivir\/wp-json\/wp\/v2\/tags?post=278"}],"curies":[{"name":"wp","href":"https:\/\/api.w.org\/{rel}","templated":true}]}}