{"id":58,"date":"2015-02-23T22:19:34","date_gmt":"2015-02-23T21:19:34","guid":{"rendered":"http:\/\/wp.catedu.es\/comprenderparavivir\/?p=58"},"modified":"2015-02-23T22:19:34","modified_gmt":"2015-02-23T21:19:34","slug":"comprender-un-mapa-del-tiempo","status":"publish","type":"post","link":"https:\/\/wp.catedu.es\/comprenderparavivir\/comprender-un-mapa-del-tiempo\/","title":{"rendered":"COMPRENDER UN MAPA DEL TIEMPO"},"content":{"rendered":"<p style=\"text-align: justify\">En multitud de ocasiones a lo largo de nuestra vida nos enfrentamos a los mapas del tiempo: para preparar las vacaciones, antes<a href=\"http:\/\/wp.catedu.es\/comprenderparavivir\/wp-content\/uploads\/sites\/15\/2015\/02\/sun-159392_640.png\"><img loading=\"lazy\" decoding=\"async\" data-attachment-id=\"59\" data-permalink=\"https:\/\/wp.catedu.es\/comprenderparavivir\/comprender-un-mapa-del-tiempo\/sun-159392_640\/\" data-orig-file=\"https:\/\/wp.catedu.es\/comprenderparavivir\/wp-content\/uploads\/sites\/15\/2015\/02\/sun-159392_640.png\" data-orig-size=\"636,640\" data-comments-opened=\"0\" data-image-meta=\"{&quot;aperture&quot;:&quot;0&quot;,&quot;credit&quot;:&quot;&quot;,&quot;camera&quot;:&quot;&quot;,&quot;caption&quot;:&quot;&quot;,&quot;created_timestamp&quot;:&quot;0&quot;,&quot;copyright&quot;:&quot;&quot;,&quot;focal_length&quot;:&quot;0&quot;,&quot;iso&quot;:&quot;0&quot;,&quot;shutter_speed&quot;:&quot;0&quot;,&quot;title&quot;:&quot;&quot;,&quot;orientation&quot;:&quot;0&quot;}\" data-image-title=\"sun-159392_640\" data-image-description=\"\" data-image-caption=\"\" data-large-file=\"https:\/\/wp.catedu.es\/comprenderparavivir\/wp-content\/uploads\/sites\/15\/2015\/02\/sun-159392_640.png\" class=\"  wp-image-59 alignleft\" src=\"http:\/\/wp.catedu.es\/comprenderparavivir\/wp-content\/uploads\/sites\/15\/2015\/02\/sun-159392_640-298x300.png\" alt=\"sun-159392_640\" width=\"149\" height=\"151\" srcset=\"https:\/\/wp.catedu.es\/comprenderparavivir\/wp-content\/uploads\/sites\/15\/2015\/02\/sun-159392_640-298x300.png 298w, https:\/\/wp.catedu.es\/comprenderparavivir\/wp-content\/uploads\/sites\/15\/2015\/02\/sun-159392_640.png 636w\" sizes=\"auto, (max-width: 149px) 100vw, 149px\" \/><\/a> de ir a una excursi\u00f3n o simplemente por la curiosidad de saber el tiempo que har\u00e1 ma\u00f1ana. Adem\u00e1s los programas del tiempo son uno de los espacios m\u00e1s vistos en TV y una de las aplicaciones m\u00e1s descargadas y visitadas en los m\u00f3viles.<\/p>\n<p style=\"text-align: justify\">Por ello es necesario que los alumnos se familiaricen con los mapas del tiempo, conozcan los iconos, s\u00edmbolos y n\u00fameros\u00a0que se utilizan y\u00a0sepan interpretarlos.<\/p>\n<p style=\"text-align: justify\"><a href=\"https:\/\/drive.google.com\/file\/d\/0BzNriJcF-t3aMjBlOTFiZjAtN2JkMi00MjBjLWJiMDItNjBhYjZkOGZkYTZl\/view?usp=sharing\" target=\"_blank\">DESCARGAR ACTIVIDAD<\/a><\/p>\n<p>&nbsp;<\/p>\n<p>&nbsp;<\/p>\n","protected":false},"excerpt":{"rendered":"<p>En multitud de ocasiones a lo largo de nuestra vida nos enfrentamos a los mapas del tiempo: para preparar las vacaciones, antes de ir a una excursi\u00f3n o simplemente por la curiosidad de saber el tiempo que har\u00e1 ma\u00f1ana. Adem\u00e1s los programas del tiempo son uno de los espacios m\u00e1s vistos en TV y una &hellip; <a href=\"https:\/\/wp.catedu.es\/comprenderparavivir\/comprender-un-mapa-del-tiempo\/\" class=\"more-link\">Seguir leyendo <span class=\"screen-reader-text\">COMPRENDER UN MAPA DEL TIEMPO<\/span> <span class=\"meta-nav\">&rarr;<\/span><\/a><\/p>\n","protected":false},"author":38,"featured_media":0,"comment_status":"closed","ping_status":"closed","sticky":false,"template":"","format":"standard","meta":{"jetpack_post_was_ever_published":false,"_jetpack_newsletter_access":"","_jetpack_dont_email_post_to_subs":false,"_jetpack_newsletter_tier_id":0,"_jetpack_memberships_contains_paywalled_content":false,"_jetpack_memberships_contains_paid_content":false,"footnotes":"","jetpack_publicize_message":"","jetpack_publicize_feature_enabled":true,"jetpack_social_post_already_shared":true,"jetpack_social_options":{"image_generator_settings":{"template":"highway","default_image_id":0,"font":"","enabled":false},"version":2}},"categories":[1],"tags":[14,17,13,30,21],"class_list":["post-58","post","type-post","status-publish","format-standard","hentry","category-sin-categoria","tag-comprension-de-textos","tag-comprension-lectora","tag-jesus-gil-alejandre","tag-mapa-del-tiempo","tag-tipos-de-texto"],"jetpack_publicize_connections":[],"jetpack_featured_media_url":"","jetpack_sharing_enabled":true,"jetpack_shortlink":"https:\/\/wp.me\/p5LW2p-W","jetpack_likes_enabled":true,"_links":{"self":[{"href":"https:\/\/wp.catedu.es\/comprenderparavivir\/wp-json\/wp\/v2\/posts\/58","targetHints":{"allow":["GET"]}}],"collection":[{"href":"https:\/\/wp.catedu.es\/comprenderparavivir\/wp-json\/wp\/v2\/posts"}],"about":[{"href":"https:\/\/wp.catedu.es\/comprenderparavivir\/wp-json\/wp\/v2\/types\/post"}],"author":[{"embeddable":true,"href":"https:\/\/wp.catedu.es\/comprenderparavivir\/wp-json\/wp\/v2\/users\/38"}],"replies":[{"embeddable":true,"href":"https:\/\/wp.catedu.es\/comprenderparavivir\/wp-json\/wp\/v2\/comments?post=58"}],"version-history":[{"count":1,"href":"https:\/\/wp.catedu.es\/comprenderparavivir\/wp-json\/wp\/v2\/posts\/58\/revisions"}],"predecessor-version":[{"id":60,"href":"https:\/\/wp.catedu.es\/comprenderparavivir\/wp-json\/wp\/v2\/posts\/58\/revisions\/60"}],"wp:attachment":[{"href":"https:\/\/wp.catedu.es\/comprenderparavivir\/wp-json\/wp\/v2\/media?parent=58"}],"wp:term":[{"taxonomy":"category","embeddable":true,"href":"https:\/\/wp.catedu.es\/comprenderparavivir\/wp-json\/wp\/v2\/categories?post=58"},{"taxonomy":"post_tag","embeddable":true,"href":"https:\/\/wp.catedu.es\/comprenderparavivir\/wp-json\/wp\/v2\/tags?post=58"}],"curies":[{"name":"wp","href":"https:\/\/api.w.org\/{rel}","templated":true}]}}