{"id":1510,"date":"2017-06-08T13:31:29","date_gmt":"2017-06-08T12:31:29","guid":{"rendered":"http:\/\/wp.catedu.es\/convivencia\/?p=1510"},"modified":"2017-06-08T13:31:42","modified_gmt":"2017-06-08T12:31:42","slug":"35-cuentos-para-superar-momentos-dificiles","status":"publish","type":"post","link":"https:\/\/wp.catedu.es\/convivencia\/35-cuentos-para-superar-momentos-dificiles\/","title":{"rendered":"35 CUENTOS PARA SUPERAR MOMENTOS DIF\u00cdCILES"},"content":{"rendered":"<h1 style=\"text-align: center\">Os dejamos este fant\u00e1stico <a href=\"http:\/\/www.clubpequeslectores.com\/2017\/03\/cuentos-infantiles-superar-dificultades.html\">recopilatorio que ha realizado Judith del Club Peques Lectores<\/a>.<\/h1>\n<p><img loading=\"lazy\" decoding=\"async\" class=\"alignnone wp-image-1511 aligncenter\" src=\"http:\/\/wp.catedu.es\/convivencia\/wp-content\/uploads\/sites\/64\/2017\/06\/cuentos-infantiles-superar-malas-experiencias-dificultades-300x156.jpg\" alt=\"cuentos-infantiles-superar-malas-experiencias-dificultades\" width=\"545\" height=\"283\" srcset=\"https:\/\/wp.catedu.es\/convivencia\/wp-content\/uploads\/sites\/64\/2017\/06\/cuentos-infantiles-superar-malas-experiencias-dificultades-300x156.jpg 300w, https:\/\/wp.catedu.es\/convivencia\/wp-content\/uploads\/sites\/64\/2017\/06\/cuentos-infantiles-superar-malas-experiencias-dificultades.jpg 700w\" sizes=\"auto, (max-width: 545px) 100vw, 545px\" \/><\/p>\n<h1 style=\"text-align: center\"><\/h1>\n<h1 style=\"text-align: center\">La mayor parte de estos cuentos los ten\u00e9is subidos en nuestra secci\u00f3n de <a href=\"http:\/\/wp.catedu.es\/convivencia\/cuentos-2\/\">Material de Apoyo\u00a0&#8211; Cuentos.<\/a><\/h1>\n<p>&nbsp;<\/p>\n","protected":false},"excerpt":{"rendered":"<p>Os dejamos este fant\u00e1stico recopilatorio que ha realizado Judith del Club Peques Lectores. La mayor parte de estos cuentos los ten\u00e9is subidos en nuestra secci\u00f3n de Material de Apoyo\u00a0&#8211; Cuentos. &nbsp;<\/p>\n","protected":false},"author":120,"featured_media":0,"comment_status":"closed","ping_status":"closed","sticky":false,"template":"","format":"standard","meta":{"footnotes":""},"categories":[13,6,9,4],"tags":[],"class_list":["post-1510","post","type-post","status-publish","format-standard","hentry","category-aceptacion-de-las-diferencias-y-sensibilizacion-en-relacion-a-la-discapacidad-etc","category-educacion-emocional","category-ensenar-a-convivir","category-ensenar-a-ser-persona","item-wrap"],"_links":{"self":[{"href":"https:\/\/wp.catedu.es\/convivencia\/wp-json\/wp\/v2\/posts\/1510","targetHints":{"allow":["GET"]}}],"collection":[{"href":"https:\/\/wp.catedu.es\/convivencia\/wp-json\/wp\/v2\/posts"}],"about":[{"href":"https:\/\/wp.catedu.es\/convivencia\/wp-json\/wp\/v2\/types\/post"}],"author":[{"embeddable":true,"href":"https:\/\/wp.catedu.es\/convivencia\/wp-json\/wp\/v2\/users\/120"}],"replies":[{"embeddable":true,"href":"https:\/\/wp.catedu.es\/convivencia\/wp-json\/wp\/v2\/comments?post=1510"}],"version-history":[{"count":2,"href":"https:\/\/wp.catedu.es\/convivencia\/wp-json\/wp\/v2\/posts\/1510\/revisions"}],"predecessor-version":[{"id":1513,"href":"https:\/\/wp.catedu.es\/convivencia\/wp-json\/wp\/v2\/posts\/1510\/revisions\/1513"}],"wp:attachment":[{"href":"https:\/\/wp.catedu.es\/convivencia\/wp-json\/wp\/v2\/media?parent=1510"}],"wp:term":[{"taxonomy":"category","embeddable":true,"href":"https:\/\/wp.catedu.es\/convivencia\/wp-json\/wp\/v2\/categories?post=1510"},{"taxonomy":"post_tag","embeddable":true,"href":"https:\/\/wp.catedu.es\/convivencia\/wp-json\/wp\/v2\/tags?post=1510"}],"curies":[{"name":"wp","href":"https:\/\/api.w.org\/{rel}","templated":true}]}}