{"id":1724,"date":"2017-12-14T11:08:21","date_gmt":"2017-12-14T10:08:21","guid":{"rendered":"http:\/\/wp.catedu.es\/convivencia\/?p=1724"},"modified":"2017-12-14T13:10:42","modified_gmt":"2017-12-14T12:10:42","slug":"disfruta-de-la-magia-de-un-libro-en-estas-vacaciones","status":"publish","type":"post","link":"https:\/\/wp.catedu.es\/convivencia\/disfruta-de-la-magia-de-un-libro-en-estas-vacaciones\/","title":{"rendered":"Disfruta de la magia de un libro en estas vacaciones."},"content":{"rendered":"<p style=\"text-align: center\">Se acerca el final del primer trimestre.\u00a0 Ahora que te tendr\u00e1s m\u00e1s tiempo y con este fr\u00edo, te recomendamos que durante estas vacaciones disfrutes del placer de un buen libro y si es compartido con tus amig@s mucho mejor.<\/p>\n<p style=\"text-align: center\"><a href=\"https:\/\/www.youtube.com\/watch?v=kdBGSSQKuEE&amp;feature=youtu.be\"><img loading=\"lazy\" decoding=\"async\" class=\"aligncenter wp-image-1725 size-full\" src=\"http:\/\/wp.catedu.es\/convivencia\/wp-content\/uploads\/sites\/64\/2017\/12\/bookfamily.jpg\" alt=\"bookfamily\" width=\"637\" height=\"251\" srcset=\"https:\/\/wp.catedu.es\/convivencia\/wp-content\/uploads\/sites\/64\/2017\/12\/bookfamily.jpg 637w, https:\/\/wp.catedu.es\/convivencia\/wp-content\/uploads\/sites\/64\/2017\/12\/bookfamily-300x118.jpg 300w\" sizes=\"auto, (max-width: 637px) 100vw, 637px\" \/><\/a><\/p>\n<p style=\"text-align: center\">En este corto podr\u00e1s ver como la lectura desde la infancia nos transporta a lugares sorprendentes que nos ense\u00f1an el mundo de otra forma.<\/p>\n<p style=\"text-align: center\">Puedes ver \u00e9ste y m\u00e1s v\u00eddeos de este tipo\u00a0 en nuestra secci\u00f3n de <a href=\"http:\/\/wp.catedu.es\/convivencia\/videos\/\">Materiales de Apoyo &#8211; V\u00eddeos.\u00a0<\/a><\/p>\n<p style=\"text-align: center\">\n","protected":false},"excerpt":{"rendered":"<p>Se acerca el final del primer trimestre.\u00a0 Ahora que te tendr\u00e1s m\u00e1s tiempo y con este fr\u00edo, te recomendamos que durante estas vacaciones disfrutes del placer de un buen libro y si es compartido con tus amig@s mucho mejor. En este corto podr\u00e1s ver como la lectura desde la infancia nos transporta a lugares sorprendentes &hellip; <\/p>\n<p><a class=\"more-link btn\" href=\"https:\/\/wp.catedu.es\/convivencia\/disfruta-de-la-magia-de-un-libro-en-estas-vacaciones\/\">Seguir leyendo<\/a><\/p>\n","protected":false},"author":120,"featured_media":0,"comment_status":"closed","ping_status":"closed","sticky":false,"template":"","format":"standard","meta":{"footnotes":""},"categories":[9,20,4],"tags":[],"class_list":["post-1724","post","type-post","status-publish","format-standard","hentry","category-ensenar-a-convivir","category-ensenar-a-pensar","category-ensenar-a-ser-persona","item-wrap"],"_links":{"self":[{"href":"https:\/\/wp.catedu.es\/convivencia\/wp-json\/wp\/v2\/posts\/1724","targetHints":{"allow":["GET"]}}],"collection":[{"href":"https:\/\/wp.catedu.es\/convivencia\/wp-json\/wp\/v2\/posts"}],"about":[{"href":"https:\/\/wp.catedu.es\/convivencia\/wp-json\/wp\/v2\/types\/post"}],"author":[{"embeddable":true,"href":"https:\/\/wp.catedu.es\/convivencia\/wp-json\/wp\/v2\/users\/120"}],"replies":[{"embeddable":true,"href":"https:\/\/wp.catedu.es\/convivencia\/wp-json\/wp\/v2\/comments?post=1724"}],"version-history":[{"count":2,"href":"https:\/\/wp.catedu.es\/convivencia\/wp-json\/wp\/v2\/posts\/1724\/revisions"}],"predecessor-version":[{"id":1728,"href":"https:\/\/wp.catedu.es\/convivencia\/wp-json\/wp\/v2\/posts\/1724\/revisions\/1728"}],"wp:attachment":[{"href":"https:\/\/wp.catedu.es\/convivencia\/wp-json\/wp\/v2\/media?parent=1724"}],"wp:term":[{"taxonomy":"category","embeddable":true,"href":"https:\/\/wp.catedu.es\/convivencia\/wp-json\/wp\/v2\/categories?post=1724"},{"taxonomy":"post_tag","embeddable":true,"href":"https:\/\/wp.catedu.es\/convivencia\/wp-json\/wp\/v2\/tags?post=1724"}],"curies":[{"name":"wp","href":"https:\/\/api.w.org\/{rel}","templated":true}]}}