{"id":1765,"date":"2018-02-15T13:10:56","date_gmt":"2018-02-15T12:10:56","guid":{"rendered":"http:\/\/wp.catedu.es\/convivencia\/?p=1765"},"modified":"2018-02-15T13:17:04","modified_gmt":"2018-02-15T12:17:04","slug":"el-poder-de-la-actitud","status":"publish","type":"post","link":"https:\/\/wp.catedu.es\/convivencia\/el-poder-de-la-actitud\/","title":{"rendered":"El poder de la actitud"},"content":{"rendered":"<p style=\"text-align: center\">El Instituto Escuela de Batea (Tarragona) nos resumi\u00f3 en este precioso v\u00eddeo su filosof\u00eda de trabajo de centro.<\/p>\n<p><a href=\"https:\/\/www.youtube.com\/watch?v=Id3asy4I9sI\" target=\"_blank\"><img loading=\"lazy\" decoding=\"async\" class=\"aligncenter wp-image-1766\" src=\"http:\/\/wp.catedu.es\/convivencia\/wp-content\/uploads\/sites\/64\/2018\/02\/podact-300x225.jpg\" alt=\"podact\" width=\"400\" height=\"301\" srcset=\"https:\/\/wp.catedu.es\/convivencia\/wp-content\/uploads\/sites\/64\/2018\/02\/podact-300x225.jpg 300w, https:\/\/wp.catedu.es\/convivencia\/wp-content\/uploads\/sites\/64\/2018\/02\/podact.jpg 480w\" sizes=\"auto, (max-width: 400px) 100vw, 400px\" \/><\/a><\/p>\n<p style=\"text-align: center\">Aunque la actitud para cambiar las cosas est\u00e1 en el interior de cada uno de nosotros, los retos m\u00e1s dif\u00edciles requieren del compromiso y esfuerzo de todos.<\/p>\n<p style=\"text-align: center\">Este v\u00eddeo y 128\u00a0 m\u00e1s los tienes clasificados en nuestra Secci\u00f3n de <a href=\"http:\/\/wp.catedu.es\/convivencia\/videos\/\">Materiales de Apoyo &#8211; V\u00eddeos.\u00a0<\/a><\/p>\n","protected":false},"excerpt":{"rendered":"<p>El Instituto Escuela de Batea (Tarragona) nos resumi\u00f3 en este precioso v\u00eddeo su filosof\u00eda de trabajo de centro. Aunque la actitud para cambiar las cosas est\u00e1 en el interior de cada uno de nosotros, los retos m\u00e1s dif\u00edciles requieren del compromiso y esfuerzo de todos. Este v\u00eddeo y 128\u00a0 m\u00e1s los tienes clasificados en nuestra &hellip; <\/p>\n<p><a class=\"more-link btn\" href=\"https:\/\/wp.catedu.es\/convivencia\/el-poder-de-la-actitud\/\">Seguir leyendo<\/a><\/p>\n","protected":false},"author":120,"featured_media":0,"comment_status":"closed","ping_status":"closed","sticky":false,"template":"","format":"standard","meta":{"footnotes":""},"categories":[9,20,4],"tags":[],"class_list":["post-1765","post","type-post","status-publish","format-standard","hentry","category-ensenar-a-convivir","category-ensenar-a-pensar","category-ensenar-a-ser-persona","item-wrap"],"_links":{"self":[{"href":"https:\/\/wp.catedu.es\/convivencia\/wp-json\/wp\/v2\/posts\/1765","targetHints":{"allow":["GET"]}}],"collection":[{"href":"https:\/\/wp.catedu.es\/convivencia\/wp-json\/wp\/v2\/posts"}],"about":[{"href":"https:\/\/wp.catedu.es\/convivencia\/wp-json\/wp\/v2\/types\/post"}],"author":[{"embeddable":true,"href":"https:\/\/wp.catedu.es\/convivencia\/wp-json\/wp\/v2\/users\/120"}],"replies":[{"embeddable":true,"href":"https:\/\/wp.catedu.es\/convivencia\/wp-json\/wp\/v2\/comments?post=1765"}],"version-history":[{"count":4,"href":"https:\/\/wp.catedu.es\/convivencia\/wp-json\/wp\/v2\/posts\/1765\/revisions"}],"predecessor-version":[{"id":1771,"href":"https:\/\/wp.catedu.es\/convivencia\/wp-json\/wp\/v2\/posts\/1765\/revisions\/1771"}],"wp:attachment":[{"href":"https:\/\/wp.catedu.es\/convivencia\/wp-json\/wp\/v2\/media?parent=1765"}],"wp:term":[{"taxonomy":"category","embeddable":true,"href":"https:\/\/wp.catedu.es\/convivencia\/wp-json\/wp\/v2\/categories?post=1765"},{"taxonomy":"post_tag","embeddable":true,"href":"https:\/\/wp.catedu.es\/convivencia\/wp-json\/wp\/v2\/tags?post=1765"}],"curies":[{"name":"wp","href":"https:\/\/api.w.org\/{rel}","templated":true}]}}