{"id":1891,"date":"2018-06-26T09:45:51","date_gmt":"2018-06-26T08:45:51","guid":{"rendered":"http:\/\/wp.catedu.es\/convivencia\/?p=1891"},"modified":"2018-06-26T09:45:51","modified_gmt":"2018-06-26T08:45:51","slug":"presentacion-jornada-convivencia-teruel-convive","status":"publish","type":"post","link":"https:\/\/wp.catedu.es\/convivencia\/presentacion-jornada-convivencia-teruel-convive\/","title":{"rendered":"Presentaci\u00f3n Jornada Convivencia Teruel Convive"},"content":{"rendered":"<p style=\"text-align: center\">El 25 de junio de 2018\u00a0 celebramos en el IES Fernando L\u00e1zaro Carreter de Utrillas la II\u00a0 JORNADA DE DIFUSI\u00d3N: PROPUESTAS DE TUTOR\u00cdA Y GESTI\u00d3N DE LA CONVIVENCIA EN LOS CENTROS DE LA PROVINCIA DE TERUEL.<\/p>\n<p style=\"text-align: center\">Os dejamos la presentaci\u00f3n:<\/p>\n<p style=\"text-align: center\"><iframe src=\"\/\/docs.google.com\/viewer?url=http%3A%2F%2Fwp.catedu.es%2Fconvivencia%2Fwp-content%2Fuploads%2Fsites%2F64%2F2018%2F06%2FPresentaci%C3%B3n-25-de-junio.pdf&hl=es&embedded=true\" class=\"gde-frame\" style=\"width:100%; height:500px; border: none;\" scrolling=\"no\"><\/iframe>\n<p class=\"gde-text\"><a href=\"http:\/\/wp.catedu.es\/convivencia\/wp-content\/uploads\/sites\/64\/2018\/06\/Presentaci\u00f3n-25-de-junio.pdf\" class=\"gde-link\">Descargar<\/a><\/p><\/p>\n","protected":false},"excerpt":{"rendered":"<p>El 25 de junio de 2018\u00a0 celebramos en el IES Fernando L\u00e1zaro Carreter de Utrillas la II\u00a0 JORNADA DE DIFUSI\u00d3N: PROPUESTAS DE TUTOR\u00cdA Y GESTI\u00d3N DE LA CONVIVENCIA EN LOS CENTROS DE LA PROVINCIA DE TERUEL. Os dejamos la presentaci\u00f3n:<\/p>\n","protected":false},"author":120,"featured_media":0,"comment_status":"closed","ping_status":"closed","sticky":false,"template":"","format":"standard","meta":{"footnotes":""},"categories":[9,20,4],"tags":[],"class_list":["post-1891","post","type-post","status-publish","format-standard","hentry","category-ensenar-a-convivir","category-ensenar-a-pensar","category-ensenar-a-ser-persona","item-wrap"],"_links":{"self":[{"href":"https:\/\/wp.catedu.es\/convivencia\/wp-json\/wp\/v2\/posts\/1891","targetHints":{"allow":["GET"]}}],"collection":[{"href":"https:\/\/wp.catedu.es\/convivencia\/wp-json\/wp\/v2\/posts"}],"about":[{"href":"https:\/\/wp.catedu.es\/convivencia\/wp-json\/wp\/v2\/types\/post"}],"author":[{"embeddable":true,"href":"https:\/\/wp.catedu.es\/convivencia\/wp-json\/wp\/v2\/users\/120"}],"replies":[{"embeddable":true,"href":"https:\/\/wp.catedu.es\/convivencia\/wp-json\/wp\/v2\/comments?post=1891"}],"version-history":[{"count":1,"href":"https:\/\/wp.catedu.es\/convivencia\/wp-json\/wp\/v2\/posts\/1891\/revisions"}],"predecessor-version":[{"id":1893,"href":"https:\/\/wp.catedu.es\/convivencia\/wp-json\/wp\/v2\/posts\/1891\/revisions\/1893"}],"wp:attachment":[{"href":"https:\/\/wp.catedu.es\/convivencia\/wp-json\/wp\/v2\/media?parent=1891"}],"wp:term":[{"taxonomy":"category","embeddable":true,"href":"https:\/\/wp.catedu.es\/convivencia\/wp-json\/wp\/v2\/categories?post=1891"},{"taxonomy":"post_tag","embeddable":true,"href":"https:\/\/wp.catedu.es\/convivencia\/wp-json\/wp\/v2\/tags?post=1891"}],"curies":[{"name":"wp","href":"https:\/\/api.w.org\/{rel}","templated":true}]}}