{"id":1956,"date":"2018-06-27T13:18:25","date_gmt":"2018-06-27T12:18:25","guid":{"rendered":"http:\/\/wp.catedu.es\/convivencia\/?p=1956"},"modified":"2018-06-27T13:29:41","modified_gmt":"2018-06-27T12:29:41","slug":"emocionandonos-juntos","status":"publish","type":"post","link":"https:\/\/wp.catedu.es\/convivencia\/emocionandonos-juntos\/","title":{"rendered":"Emocion\u00e1ndonos juntos"},"content":{"rendered":"<p style=\"text-align: center\">ISABEL NOTIVOLI E IRENE ESPADA del CRIE de Calamocha nos presentan esta buena pr\u00e1ctica.<\/p>\n<p><a href=\"https:\/\/prezi.com\/sp40-tnh7t63\/emocionandonos-juntos\/\" target=\"_blank\"><img loading=\"lazy\" decoding=\"async\" class=\"aligncenter wp-image-1957\" src=\"http:\/\/wp.catedu.es\/convivencia\/wp-content\/uploads\/sites\/64\/2018\/06\/emojuncrie-300x152.jpg\" alt=\"emojuncrie\" width=\"632\" height=\"320\" srcset=\"https:\/\/wp.catedu.es\/convivencia\/wp-content\/uploads\/sites\/64\/2018\/06\/emojuncrie-300x152.jpg 300w, https:\/\/wp.catedu.es\/convivencia\/wp-content\/uploads\/sites\/64\/2018\/06\/emojuncrie-768x388.jpg 768w, https:\/\/wp.catedu.es\/convivencia\/wp-content\/uploads\/sites\/64\/2018\/06\/emojuncrie.jpg 866w\" sizes=\"auto, (max-width: 632px) 100vw, 632px\" \/><\/a><\/p>\n<p style=\"text-align: center\">Puedes encontrar m\u00e1s experiencias de esta tipo en nuestra secci\u00f3n de\u00a0<a href=\"http:\/\/wp.catedu.es\/convivencia\/actividades-de-centro\/\">Buenas Pr\u00e1cticas<\/a><\/p>\n","protected":false},"excerpt":{"rendered":"<p>ISABEL NOTIVOLI E IRENE ESPADA del CRIE de Calamocha nos presentan esta buena pr\u00e1ctica. Puedes encontrar m\u00e1s experiencias de esta tipo en nuestra secci\u00f3n de\u00a0Buenas Pr\u00e1cticas<\/p>\n","protected":false},"author":120,"featured_media":0,"comment_status":"closed","ping_status":"closed","sticky":false,"template":"","format":"standard","meta":{"footnotes":""},"categories":[9,20,4],"tags":[],"class_list":["post-1956","post","type-post","status-publish","format-standard","hentry","category-ensenar-a-convivir","category-ensenar-a-pensar","category-ensenar-a-ser-persona","item-wrap"],"_links":{"self":[{"href":"https:\/\/wp.catedu.es\/convivencia\/wp-json\/wp\/v2\/posts\/1956","targetHints":{"allow":["GET"]}}],"collection":[{"href":"https:\/\/wp.catedu.es\/convivencia\/wp-json\/wp\/v2\/posts"}],"about":[{"href":"https:\/\/wp.catedu.es\/convivencia\/wp-json\/wp\/v2\/types\/post"}],"author":[{"embeddable":true,"href":"https:\/\/wp.catedu.es\/convivencia\/wp-json\/wp\/v2\/users\/120"}],"replies":[{"embeddable":true,"href":"https:\/\/wp.catedu.es\/convivencia\/wp-json\/wp\/v2\/comments?post=1956"}],"version-history":[{"count":3,"href":"https:\/\/wp.catedu.es\/convivencia\/wp-json\/wp\/v2\/posts\/1956\/revisions"}],"predecessor-version":[{"id":1960,"href":"https:\/\/wp.catedu.es\/convivencia\/wp-json\/wp\/v2\/posts\/1956\/revisions\/1960"}],"wp:attachment":[{"href":"https:\/\/wp.catedu.es\/convivencia\/wp-json\/wp\/v2\/media?parent=1956"}],"wp:term":[{"taxonomy":"category","embeddable":true,"href":"https:\/\/wp.catedu.es\/convivencia\/wp-json\/wp\/v2\/categories?post=1956"},{"taxonomy":"post_tag","embeddable":true,"href":"https:\/\/wp.catedu.es\/convivencia\/wp-json\/wp\/v2\/tags?post=1956"}],"curies":[{"name":"wp","href":"https:\/\/api.w.org\/{rel}","templated":true}]}}