{"id":2208,"date":"2019-03-07T11:28:54","date_gmt":"2019-03-07T10:28:54","guid":{"rendered":"http:\/\/wp.catedu.es\/convivencia\/?p=2208"},"modified":"2019-03-07T11:32:25","modified_gmt":"2019-03-07T10:32:25","slug":"cuentos-para-la-igualdad-iii","status":"publish","type":"post","link":"https:\/\/wp.catedu.es\/convivencia\/cuentos-para-la-igualdad-iii\/","title":{"rendered":"Cuentos para la Igualdad III"},"content":{"rendered":"\n<p><strong>Recomendaci\u00f3n para Infantil<\/strong><\/p>\n\n\n\n<div class=\"wp-block-image\"><figure class=\"aligncenter\"><img loading=\"lazy\" decoding=\"async\" width=\"400\" height=\"400\" src=\"http:\/\/wp.catedu.es\/convivencia\/wp-content\/uploads\/sites\/64\/2019\/03\/9788496388178.jpg\" alt=\"\" class=\"wp-image-2209\" srcset=\"https:\/\/wp.catedu.es\/convivencia\/wp-content\/uploads\/sites\/64\/2019\/03\/9788496388178.jpg 400w, https:\/\/wp.catedu.es\/convivencia\/wp-content\/uploads\/sites\/64\/2019\/03\/9788496388178-150x150.jpg 150w, https:\/\/wp.catedu.es\/convivencia\/wp-content\/uploads\/sites\/64\/2019\/03\/9788496388178-300x300.jpg 300w\" sizes=\"auto, (max-width: 400px) 100vw, 400px\" \/><figcaption> <br>Un padre es capaz de transformarse en las cosas m\u00e1s incre\u00edbles para favorecer la relaci\u00f3n con sus hijos: tractor, colch\u00f3n, despertador, gr\u00faa&#8230;Los afectos y el juego se visualizan en este libro que transmite ternura. <\/figcaption><\/figure><\/div>\n\n\n\n<p><strong>Recomendaci\u00f3n para 1\u00ba-2\u00ba\u00a0Primaria<\/strong><\/p>\n\n\n\n<div class=\"wp-block-image\"><figure class=\"aligncenter is-resized\"><img loading=\"lazy\" decoding=\"async\" src=\"http:\/\/wp.catedu.es\/convivencia\/wp-content\/uploads\/sites\/64\/2019\/03\/ArribaEnElArbolTD-PG1501.jpg\" alt=\"\" class=\"wp-image-2210\" width=\"249\" height=\"379\" \/><figcaption> <br>Dos ni\u00f1os viven en el tope del \u00e1rbol m\u00e1s alto. All\u00ed comen, duermen, juegan y dan saltos, hasta que un d\u00eda dos castores roban su escalera y ya no pueden bajar. \u201c\u00bfY c\u00f3mo bajamos del \u00e1rbol?\u201d, se preguntan. Escrita e ilustrada por la reconocida escritora canadiense Margaret Atwood, merecedora del Premio\u00a0<em>Pr\u00edncipe de Asturias de las Letras<\/em>\u00a02008. <\/figcaption><\/figure><\/div>\n\n\n\n<p><strong>Recomendaci\u00f3n para <\/strong> <strong>3\u00ba-4\u00ba\u00a0Primaria<\/strong> <\/p>\n\n\n\n<div class=\"wp-block-image\"><figure class=\"aligncenter\"><img loading=\"lazy\" decoding=\"async\" width=\"360\" height=\"534\" src=\"http:\/\/wp.catedu.es\/convivencia\/wp-content\/uploads\/sites\/64\/2019\/03\/360_9788491221067.jpg\" alt=\"\" class=\"wp-image-2211\" srcset=\"https:\/\/wp.catedu.es\/convivencia\/wp-content\/uploads\/sites\/64\/2019\/03\/360_9788491221067.jpg 360w, https:\/\/wp.catedu.es\/convivencia\/wp-content\/uploads\/sites\/64\/2019\/03\/360_9788491221067-202x300.jpg 202w\" sizes=\"auto, (max-width: 360px) 100vw, 360px\" \/><figcaption> <br>Una historia \u00fanica que pone en tela de juicio muchos de los prejuicios que todav\u00eda persisten en nuestra sociedad. <\/figcaption><\/figure><\/div>\n\n\n\n<p><strong>Recomendaci\u00f3n para <\/strong> <strong>5\u00ba-6\u00ba\u00a0Primaria<\/strong> <\/p>\n\n\n\n<div class=\"wp-block-image\"><figure class=\"aligncenter\"><img loading=\"lazy\" decoding=\"async\" width=\"360\" height=\"534\" src=\"http:\/\/wp.catedu.es\/convivencia\/wp-content\/uploads\/sites\/64\/2019\/03\/360_9788491221364.jpg\" alt=\"\" class=\"wp-image-2212\" srcset=\"https:\/\/wp.catedu.es\/convivencia\/wp-content\/uploads\/sites\/64\/2019\/03\/360_9788491221364.jpg 360w, https:\/\/wp.catedu.es\/convivencia\/wp-content\/uploads\/sites\/64\/2019\/03\/360_9788491221364-202x300.jpg 202w\" sizes=\"auto, (max-width: 360px) 100vw, 360px\" \/><figcaption> <br>Matilda es una lectora empedernida con tan solo cinco a\u00f1os. Sensible e inteligente, todos la admiran menos sus mediocres padres que la consideran una in\u00fatil. Adem\u00e1s, tiene poderes extra\u00f1os y maravillosos.\u00a0 <br><br><br> <br>&#8220;Mi padre cre\u00eda que todos los ni\u00f1os poseen una brasa. Pero alguien debe encender el fuego. Y una vez encendido, es de vital importancia que se mantenga vivo y no se apague nunca&#8221;. Tessa Dahl <\/figcaption><\/figure><\/div>\n\n\n\n<div class=\"wp-block-image\"><figure class=\"aligncenter is-resized\"><img loading=\"lazy\" decoding=\"async\" src=\"http:\/\/wp.catedu.es\/convivencia\/wp-content\/uploads\/sites\/64\/2019\/02\/logo_pacto_de_estado_pq.jpg\" alt=\"\" class=\"wp-image-2152\" width=\"440\" height=\"351\" srcset=\"https:\/\/wp.catedu.es\/convivencia\/wp-content\/uploads\/sites\/64\/2019\/02\/logo_pacto_de_estado_pq.jpg 556w, https:\/\/wp.catedu.es\/convivencia\/wp-content\/uploads\/sites\/64\/2019\/02\/logo_pacto_de_estado_pq-300x240.jpg 300w\" sizes=\"auto, (max-width: 440px) 100vw, 440px\" \/><\/figure><\/div>\n\n\n\n<p style=\"text-align:center\">Puedes ver m\u00e1s recomendaciones en nuestra secci\u00f3n de <a href=\"http:\/\/wp.catedu.es\/convivencia\/cuentos-2\/\">Materiales de Apoyo &#8211; Cuentos<\/a>. M\u00e1s de 180 propuestas catalogadas. <\/p>\n\n\n\n<p><\/p>\n","protected":false},"excerpt":{"rendered":"<p>Recomendaci\u00f3n para Infantil Recomendaci\u00f3n para 1\u00ba-2\u00ba\u00a0Primaria Recomendaci\u00f3n para 3\u00ba-4\u00ba\u00a0Primaria Recomendaci\u00f3n para 5\u00ba-6\u00ba\u00a0Primaria Puedes ver m\u00e1s recomendaciones en nuestra secci\u00f3n de Materiales de Apoyo &#8211; Cuentos. M\u00e1s de 180 propuestas catalogadas.<\/p>\n","protected":false},"author":120,"featured_media":0,"comment_status":"closed","ping_status":"closed","sticky":false,"template":"","format":"standard","meta":{"footnotes":""},"categories":[9,20,4,42],"tags":[],"class_list":["post-2208","post","type-post","status-publish","format-standard","hentry","category-ensenar-a-convivir","category-ensenar-a-pensar","category-ensenar-a-ser-persona","category-igualdad","item-wrap"],"_links":{"self":[{"href":"https:\/\/wp.catedu.es\/convivencia\/wp-json\/wp\/v2\/posts\/2208","targetHints":{"allow":["GET"]}}],"collection":[{"href":"https:\/\/wp.catedu.es\/convivencia\/wp-json\/wp\/v2\/posts"}],"about":[{"href":"https:\/\/wp.catedu.es\/convivencia\/wp-json\/wp\/v2\/types\/post"}],"author":[{"embeddable":true,"href":"https:\/\/wp.catedu.es\/convivencia\/wp-json\/wp\/v2\/users\/120"}],"replies":[{"embeddable":true,"href":"https:\/\/wp.catedu.es\/convivencia\/wp-json\/wp\/v2\/comments?post=2208"}],"version-history":[{"count":2,"href":"https:\/\/wp.catedu.es\/convivencia\/wp-json\/wp\/v2\/posts\/2208\/revisions"}],"predecessor-version":[{"id":2215,"href":"https:\/\/wp.catedu.es\/convivencia\/wp-json\/wp\/v2\/posts\/2208\/revisions\/2215"}],"wp:attachment":[{"href":"https:\/\/wp.catedu.es\/convivencia\/wp-json\/wp\/v2\/media?parent=2208"}],"wp:term":[{"taxonomy":"category","embeddable":true,"href":"https:\/\/wp.catedu.es\/convivencia\/wp-json\/wp\/v2\/categories?post=2208"},{"taxonomy":"post_tag","embeddable":true,"href":"https:\/\/wp.catedu.es\/convivencia\/wp-json\/wp\/v2\/tags?post=2208"}],"curies":[{"name":"wp","href":"https:\/\/api.w.org\/{rel}","templated":true}]}}