{"id":2409,"date":"2019-06-20T10:19:38","date_gmt":"2019-06-20T09:19:38","guid":{"rendered":"http:\/\/wp.catedu.es\/convivencia\/?p=2409"},"modified":"2019-06-20T10:28:11","modified_gmt":"2019-06-20T09:28:11","slug":"en-la-partida-de-la-vida","status":"publish","type":"post","link":"https:\/\/wp.catedu.es\/convivencia\/en-la-partida-de-la-vida\/","title":{"rendered":"EN LA PARTIDA DE LA VIDA"},"content":{"rendered":"<p style=\"text-align: center\">Cortometraje realizado por los alumnos y alumnas del CRA MARTIN DEL RIO.<\/p>\n<p style=\"text-align: center\">GANADOR DEL CONCURSO DE CORTOMETRAJES ESCOLARES A NIVEL NACIONAL &#8220;EDUCACCI\u00d3N&#8221; PATROCINADO POR LA FUNDACI\u00d3N SEUR.<a href=\"https:\/\/www.youtube.com\/watch?v=cM_kGs9jXMA\"><img loading=\"lazy\" decoding=\"async\" class=\"alignnone wp-image-2410 aligncenter\" src=\"http:\/\/wp.catedu.es\/convivencia\/wp-content\/uploads\/sites\/64\/2019\/06\/parvida-300x128.jpg\" alt=\"\" width=\"528\" height=\"227\" srcset=\"https:\/\/wp.catedu.es\/convivencia\/wp-content\/uploads\/sites\/64\/2019\/06\/parvida-300x128.jpg 300w, https:\/\/wp.catedu.es\/convivencia\/wp-content\/uploads\/sites\/64\/2019\/06\/parvida-768x328.jpg 768w\" sizes=\"auto, (max-width: 528px) 100vw, 528px\" \/><\/a><\/p>\n<p style=\"text-align: center\">Enhorabuena por el excelente trabajo de toda la Comunidad educativa. Os dejamos aqu\u00ed sus palabras:<\/p>\n<div style=\"text-align: center\">&#8220;EN EL AULA DE MART\u00cdN DEL R\u00cdO, LLEVAMOS A CABO LA ACTIVIDAD EXTRAESCOLAR DE TEATRO. NI\u00d1OS Y NI\u00d1AS DESDE 3 A\u00d1OS HASTA 6\u00ba DE PRIMARIA PARTICIPAN EN ELLA.\u00a0 \u00a0SE NOS OCURRI\u00d3 REALIZAR UN CORTOMETRAJE &#8220;EN LA PARTIDA DE LA VIDA&#8221;.\u00a0 REUN\u00cdA ESTAS CARACTER\u00cdSTICAS: LA EDUCACI\u00d3N EN VALORES TALES COMO EL RESPETO, TOLERANCIA, LA IGUALDAD&#8230;, AJEDREZ Y LA RECOGIDA DE TAPONES DE PL\u00c1STICO POR UNA BUENA CAUSA&#8221;.<\/div>\n<p>&nbsp;<\/p>\n","protected":false},"excerpt":{"rendered":"<p>Cortometraje realizado por los alumnos y alumnas del CRA MARTIN DEL RIO. GANADOR DEL CONCURSO DE CORTOMETRAJES ESCOLARES A NIVEL NACIONAL &#8220;EDUCACCI\u00d3N&#8221; PATROCINADO POR LA FUNDACI\u00d3N SEUR. Enhorabuena por el excelente trabajo de toda la Comunidad educativa. Os dejamos aqu\u00ed sus palabras: &#8220;EN EL AULA DE MART\u00cdN DEL R\u00cdO, LLEVAMOS A CABO LA ACTIVIDAD EXTRAESCOLAR &hellip; <\/p>\n<p><a class=\"more-link btn\" href=\"https:\/\/wp.catedu.es\/convivencia\/en-la-partida-de-la-vida\/\">Seguir leyendo<\/a><\/p>\n","protected":false},"author":120,"featured_media":0,"comment_status":"closed","ping_status":"closed","sticky":false,"template":"","format":"standard","meta":{"footnotes":""},"categories":[15,6,12,9,20,4,10,11,14,22,23],"tags":[],"class_list":["post-2409","post","type-post","status-publish","format-standard","hentry","category-cohesion-grupal","category-educacion-emocional","category-empatia","category-ensenar-a-convivir","category-ensenar-a-pensar","category-ensenar-a-ser-persona","category-habilidades-de-comunicacion","category-habilidades-sociales","category-inclusion-e-interculturalidad","category-nivel-macro-metacognicion","category-programas-de-toma-de-decisiones","item-wrap"],"_links":{"self":[{"href":"https:\/\/wp.catedu.es\/convivencia\/wp-json\/wp\/v2\/posts\/2409","targetHints":{"allow":["GET"]}}],"collection":[{"href":"https:\/\/wp.catedu.es\/convivencia\/wp-json\/wp\/v2\/posts"}],"about":[{"href":"https:\/\/wp.catedu.es\/convivencia\/wp-json\/wp\/v2\/types\/post"}],"author":[{"embeddable":true,"href":"https:\/\/wp.catedu.es\/convivencia\/wp-json\/wp\/v2\/users\/120"}],"replies":[{"embeddable":true,"href":"https:\/\/wp.catedu.es\/convivencia\/wp-json\/wp\/v2\/comments?post=2409"}],"version-history":[{"count":2,"href":"https:\/\/wp.catedu.es\/convivencia\/wp-json\/wp\/v2\/posts\/2409\/revisions"}],"predecessor-version":[{"id":2412,"href":"https:\/\/wp.catedu.es\/convivencia\/wp-json\/wp\/v2\/posts\/2409\/revisions\/2412"}],"wp:attachment":[{"href":"https:\/\/wp.catedu.es\/convivencia\/wp-json\/wp\/v2\/media?parent=2409"}],"wp:term":[{"taxonomy":"category","embeddable":true,"href":"https:\/\/wp.catedu.es\/convivencia\/wp-json\/wp\/v2\/categories?post=2409"},{"taxonomy":"post_tag","embeddable":true,"href":"https:\/\/wp.catedu.es\/convivencia\/wp-json\/wp\/v2\/tags?post=2409"}],"curies":[{"name":"wp","href":"https:\/\/api.w.org\/{rel}","templated":true}]}}