{"id":2619,"date":"2020-01-17T12:05:28","date_gmt":"2020-01-17T11:05:28","guid":{"rendered":"http:\/\/wp.catedu.es\/convivencia\/?p=2619"},"modified":"2020-01-17T12:26:47","modified_gmt":"2020-01-17T11:26:47","slug":"asegura-tic","status":"publish","type":"post","link":"https:\/\/wp.catedu.es\/convivencia\/asegura-tic\/","title":{"rendered":"Asegura TIC"},"content":{"rendered":"<p style=\"text-align: center\">Esta semana hemos recibido de Inspecci\u00f3n esta propuesta que incorporamos a nuestro cat\u00e1logo pues nuestra vida digital forma tambi\u00e9n parte de la convivencia.<\/p>\n<p style=\"text-align: center\">Fuente: http:\/\/wp.catedu.es\/inspeccioneducacionteruel\/aseguratic\/<\/p>\n<p style=\"text-align: center\">El Ministerio de Educaci\u00f3n y Formaci\u00f3n Profesional y la Agencia Espa\u00f1ola de Protecci\u00f3n de Datos han presentado el <b>portal web\u00a0<\/b><a href=\"https:\/\/intef.es\/aseguratic\/\"><b>AseguraTIC<\/b><\/a><b>.\u00a0<\/b>Este portal tiene como objetivo contribuir a la protecci\u00f3n de los menores en su interacci\u00f3n con Internet a trav\u00e9s de m\u00e1s de 300 recursos aportados por las distintas entidades participantes.<\/p>\n<p><a href=\"\/\/intef.es\/aseguratic\/\" target=\"_blank\" rel=\"noopener noreferrer\"><img loading=\"lazy\" decoding=\"async\" class=\"aligncenter\" src=\"http:\/\/wp.catedu.es\/inspeccioneducacionteruel\/wp-content\/uploads\/sites\/108\/2019\/12\/aseguratic_v.png\" alt=\"\" width=\"231\" height=\"150\" \/><\/a><\/p>\n<p style=\"text-align: center\">La web est\u00e1\u00a0<b>destinada a educadores, familias, alumnos y administraciones educativas<\/b>, y su objetivo es contribuir a la protecci\u00f3n de los menores en su interacci\u00f3n con Internet canalizando una serie de recursos aportados por las entidades participantes, principalmente con licencias Creative Commons que facilitan su uso, adaptaci\u00f3n y distribuci\u00f3n de forma gratuita.<\/p>\n<p style=\"text-align: center\">Os dejamos este impactante v\u00eddeo a propuesta de un centro educativo de Secundaria de nuestra provincia, en relaci\u00f3n al uso de nuestra sociedad con los medios digitales.<\/p>\n<p style=\"text-align: center\"><a href=\"https:\/\/www.youtube.com\/watch?v=OINa46HeWg8\"><img loading=\"lazy\" decoding=\"async\" class=\"alignnone wp-image-2622 size-full\" src=\"http:\/\/wp.catedu.es\/convivencia\/wp-content\/uploads\/sites\/64\/2020\/01\/I-forgot-my-phone.png\" alt=\"\" width=\"632\" height=\"343\" srcset=\"https:\/\/wp.catedu.es\/convivencia\/wp-content\/uploads\/sites\/64\/2020\/01\/I-forgot-my-phone.png 632w, https:\/\/wp.catedu.es\/convivencia\/wp-content\/uploads\/sites\/64\/2020\/01\/I-forgot-my-phone-300x163.png 300w\" sizes=\"auto, (max-width: 632px) 100vw, 632px\" \/><\/a><\/p>\n<p style=\"text-align: center\">Incorporado a nuestro cat\u00e1logo con m\u00e1s de 155 propuestas. <a href=\"http:\/\/wp.catedu.es\/convivencia\/videos\/\">Materiales de Apoyo &#8211; V\u00eddeos<\/a><\/p>\n","protected":false},"excerpt":{"rendered":"<p>Esta semana hemos recibido de Inspecci\u00f3n esta propuesta que incorporamos a nuestro cat\u00e1logo pues nuestra vida digital forma tambi\u00e9n parte de la convivencia. Fuente: http:\/\/wp.catedu.es\/inspeccioneducacionteruel\/aseguratic\/ El Ministerio de Educaci\u00f3n y Formaci\u00f3n Profesional y la Agencia Espa\u00f1ola de Protecci\u00f3n de Datos han presentado el portal web\u00a0AseguraTIC.\u00a0Este portal tiene como objetivo contribuir a la protecci\u00f3n de los &hellip; <\/p>\n<p><a class=\"more-link btn\" href=\"https:\/\/wp.catedu.es\/convivencia\/asegura-tic\/\">Seguir leyendo<\/a><\/p>\n","protected":false},"author":120,"featured_media":0,"comment_status":"closed","ping_status":"closed","sticky":false,"template":"","format":"standard","meta":{"footnotes":""},"categories":[9,20,4,10,16,17],"tags":[],"class_list":["post-2619","post","type-post","status-publish","format-standard","hentry","category-ensenar-a-convivir","category-ensenar-a-pensar","category-ensenar-a-ser-persona","category-habilidades-de-comunicacion","category-prevencion-y-deteccion-del-acoso-escolar","category-resolucion-de-conflictos","item-wrap"],"_links":{"self":[{"href":"https:\/\/wp.catedu.es\/convivencia\/wp-json\/wp\/v2\/posts\/2619","targetHints":{"allow":["GET"]}}],"collection":[{"href":"https:\/\/wp.catedu.es\/convivencia\/wp-json\/wp\/v2\/posts"}],"about":[{"href":"https:\/\/wp.catedu.es\/convivencia\/wp-json\/wp\/v2\/types\/post"}],"author":[{"embeddable":true,"href":"https:\/\/wp.catedu.es\/convivencia\/wp-json\/wp\/v2\/users\/120"}],"replies":[{"embeddable":true,"href":"https:\/\/wp.catedu.es\/convivencia\/wp-json\/wp\/v2\/comments?post=2619"}],"version-history":[{"count":4,"href":"https:\/\/wp.catedu.es\/convivencia\/wp-json\/wp\/v2\/posts\/2619\/revisions"}],"predecessor-version":[{"id":2624,"href":"https:\/\/wp.catedu.es\/convivencia\/wp-json\/wp\/v2\/posts\/2619\/revisions\/2624"}],"wp:attachment":[{"href":"https:\/\/wp.catedu.es\/convivencia\/wp-json\/wp\/v2\/media?parent=2619"}],"wp:term":[{"taxonomy":"category","embeddable":true,"href":"https:\/\/wp.catedu.es\/convivencia\/wp-json\/wp\/v2\/categories?post=2619"},{"taxonomy":"post_tag","embeddable":true,"href":"https:\/\/wp.catedu.es\/convivencia\/wp-json\/wp\/v2\/tags?post=2619"}],"curies":[{"name":"wp","href":"https:\/\/api.w.org\/{rel}","templated":true}]}}