{"id":2684,"date":"2020-04-03T17:26:58","date_gmt":"2020-04-03T16:26:58","guid":{"rendered":"http:\/\/wp.catedu.es\/convivencia\/?p=2684"},"modified":"2020-04-03T17:36:26","modified_gmt":"2020-04-03T16:36:26","slug":"ya-queda-menos-os-echamos-de-menos-queridos-estudiantes","status":"publish","type":"post","link":"https:\/\/wp.catedu.es\/convivencia\/ya-queda-menos-os-echamos-de-menos-queridos-estudiantes\/","title":{"rendered":"Ya queda menos. Os echamos de menos."},"content":{"rendered":"<p style=\"text-align: center\">Hemos estado casi un mes sin escribir en esta Web y es que esta crisis sanitaria ha generado un cambio en nuestras vidas.<\/p>\n<p style=\"text-align: center\">En primer lugar, desde estas l\u00edneas queremos dar un merecido homenaje a aquellas personas fallecidas durante esta pandemia y a sus familiares. Sin duda, la cara m\u00e1s triste.<\/p>\n<p style=\"text-align: center\">Sin embargo, en todas las crisis hay oportunidades para sacar lo mejor que tenemos como sociedad. Son much\u00edsimos los colectivos profesionales que merecen este reconocimiento.<\/p>\n<p style=\"text-align: center\">Uno de ellos, desde nuestra perspectiva educativa, es reconocer el trabajo de los docentes, que est\u00e1n dando lo mejor que tienen para estar lo m\u00e1s cerca de sus alumnos. Esta ilustraci\u00f3n de nuestro aragon\u00e9s David Guirao,\u00a0 refleja muy bien este sentimiento de cari\u00f1o que tenemos hacia vosotros, nuestros queridos alumn@s. Gracias por dejarnos compartirla en este foro. Tus libros son hoy un gran apoyo.<\/p>\n<p><img loading=\"lazy\" decoding=\"async\" class=\"wp-image-2685 size-full aligncenter\" src=\"http:\/\/wp.catedu.es\/convivencia\/wp-content\/uploads\/sites\/64\/2020\/04\/davidgprofes.jpg\" alt=\"\" width=\"591\" height=\"587\" srcset=\"https:\/\/wp.catedu.es\/convivencia\/wp-content\/uploads\/sites\/64\/2020\/04\/davidgprofes.jpg 591w, https:\/\/wp.catedu.es\/convivencia\/wp-content\/uploads\/sites\/64\/2020\/04\/davidgprofes-300x298.jpg 300w, https:\/\/wp.catedu.es\/convivencia\/wp-content\/uploads\/sites\/64\/2020\/04\/davidgprofes-150x150.jpg 150w\" sizes=\"auto, (max-width: 591px) 100vw, 591px\" \/><\/p>\n<p style=\"text-align: center\">Cada videoconferencia que hacemos con vosotr@s para vernos las caras, cada tarea que os proponemos, cada e-mail o mensaje de Whatapps que recibimos con vuestras dudas o cont\u00e1ndonos c\u00f3mo est\u00e1is, cada llamada que hacemos y escuchamos vuestra voz, nos hace estar m\u00e1s cerca vuestro y nos da m\u00e1s fuerza para seguir mejorando. Hay que reconoceros, peque\u00f1os h\u00e9roes, que estamos muy orgullosos de vuestro trabajo gracias al apoyo de vuestra familia.<\/p>\n<p style=\"text-align: center\">Como dicen nuestros compa\u00f1er@s del CRA Pablo Antonio Crespo os echamos de menos, os queremos y sois unos campeones de verdad.<\/p>\n<div class=\"embed-container\"><iframe loading=\"lazy\" title=\"CRA PABLO ANTONIO CRESPO\" width=\"881\" height=\"496\" src=\"https:\/\/www.youtube.com\/embed\/YkVlYiItT40?feature=oembed\" frameborder=\"0\" allow=\"accelerometer; autoplay; encrypted-media; gyroscope; picture-in-picture\" allowfullscreen><\/iframe><\/div>\n<p style=\"text-align: center\">Iniciativas como la de este centro educativo son muchas. Os animamos a compartirlas.<\/p>\n","protected":false},"excerpt":{"rendered":"<p>Hemos estado casi un mes sin escribir en esta Web y es que esta crisis sanitaria ha generado un cambio en nuestras vidas. En primer lugar, desde estas l\u00edneas queremos dar un merecido homenaje a aquellas personas fallecidas durante esta pandemia y a sus familiares. Sin duda, la cara m\u00e1s triste. Sin embargo, en todas &hellip; <\/p>\n<p><a class=\"more-link btn\" href=\"https:\/\/wp.catedu.es\/convivencia\/ya-queda-menos-os-echamos-de-menos-queridos-estudiantes\/\">Seguir leyendo<\/a><\/p>\n","protected":false},"author":120,"featured_media":0,"comment_status":"closed","ping_status":"closed","sticky":false,"template":"","format":"standard","meta":{"footnotes":""},"categories":[9,20,4],"tags":[],"class_list":["post-2684","post","type-post","status-publish","format-standard","hentry","category-ensenar-a-convivir","category-ensenar-a-pensar","category-ensenar-a-ser-persona","item-wrap"],"_links":{"self":[{"href":"https:\/\/wp.catedu.es\/convivencia\/wp-json\/wp\/v2\/posts\/2684","targetHints":{"allow":["GET"]}}],"collection":[{"href":"https:\/\/wp.catedu.es\/convivencia\/wp-json\/wp\/v2\/posts"}],"about":[{"href":"https:\/\/wp.catedu.es\/convivencia\/wp-json\/wp\/v2\/types\/post"}],"author":[{"embeddable":true,"href":"https:\/\/wp.catedu.es\/convivencia\/wp-json\/wp\/v2\/users\/120"}],"replies":[{"embeddable":true,"href":"https:\/\/wp.catedu.es\/convivencia\/wp-json\/wp\/v2\/comments?post=2684"}],"version-history":[{"count":7,"href":"https:\/\/wp.catedu.es\/convivencia\/wp-json\/wp\/v2\/posts\/2684\/revisions"}],"predecessor-version":[{"id":2692,"href":"https:\/\/wp.catedu.es\/convivencia\/wp-json\/wp\/v2\/posts\/2684\/revisions\/2692"}],"wp:attachment":[{"href":"https:\/\/wp.catedu.es\/convivencia\/wp-json\/wp\/v2\/media?parent=2684"}],"wp:term":[{"taxonomy":"category","embeddable":true,"href":"https:\/\/wp.catedu.es\/convivencia\/wp-json\/wp\/v2\/categories?post=2684"},{"taxonomy":"post_tag","embeddable":true,"href":"https:\/\/wp.catedu.es\/convivencia\/wp-json\/wp\/v2\/tags?post=2684"}],"curies":[{"name":"wp","href":"https:\/\/api.w.org\/{rel}","templated":true}]}}