{"id":2785,"date":"2020-10-08T12:00:32","date_gmt":"2020-10-08T11:00:32","guid":{"rendered":"http:\/\/wp.catedu.es\/convivencia\/?p=2785"},"modified":"2020-10-08T12:13:52","modified_gmt":"2020-10-08T11:13:52","slug":"invisible-de-eloy-moreno","status":"publish","type":"post","link":"https:\/\/wp.catedu.es\/convivencia\/invisible-de-eloy-moreno\/","title":{"rendered":"Invisible de Eloy Moreno"},"content":{"rendered":"<p style=\"text-align: center\">El IES Fernando L\u00e1zaro Carreter de Utrillas nos recomienda este libro que han trabajado.<\/p>\n<table style=\"border-collapse: collapse;width: 100%\">\n<tbody>\n<tr>\n<td style=\"width: 50%\"><img loading=\"lazy\" decoding=\"async\" class=\"alignnone wp-image-2787 aligncenter\" src=\"http:\/\/wp.catedu.es\/convivencia\/wp-content\/uploads\/sites\/64\/2020\/10\/big_thumb-300x225.jpg\" alt=\"\" width=\"345\" height=\"259\" srcset=\"https:\/\/wp.catedu.es\/convivencia\/wp-content\/uploads\/sites\/64\/2020\/10\/big_thumb-300x225.jpg 300w, https:\/\/wp.catedu.es\/convivencia\/wp-content\/uploads\/sites\/64\/2020\/10\/big_thumb.jpg 450w\" sizes=\"auto, (max-width: 345px) 100vw, 345px\" \/><\/td>\n<td style=\"width: 50%;text-align: center\"><img loading=\"lazy\" decoding=\"async\" class=\"alignnone wp-image-2786 aligncenter\" src=\"http:\/\/wp.catedu.es\/convivencia\/wp-content\/uploads\/sites\/64\/2020\/10\/puerta-instituto-300x225.jpg\" alt=\"\" width=\"340\" height=\"255\" srcset=\"https:\/\/wp.catedu.es\/convivencia\/wp-content\/uploads\/sites\/64\/2020\/10\/puerta-instituto-300x225.jpg 300w, https:\/\/wp.catedu.es\/convivencia\/wp-content\/uploads\/sites\/64\/2020\/10\/puerta-instituto.jpg 640w\" sizes=\"auto, (max-width: 340px) 100vw, 340px\" \/><\/td>\n<\/tr>\n<\/tbody>\n<\/table>\n<p style=\"text-align: center\"><i>Invisible<\/i>\u00a0nos cuenta la historia de un chico adolescente con una vida sencilla y normal, con una familia t\u00edpica, donde sus padres est\u00e1n muy ocupados con el trabajo y su hermana peque\u00f1a tiene una relaci\u00f3n especial con \u00e9l. Este chico normal, aparentemente feliz, tiene un peculiar\u00a0<i>superpoder<\/i>: el de hacerse invisible.<\/p>\n<p style=\"text-align: center\"><img loading=\"lazy\" decoding=\"async\" class=\"alignnone wp-image-2788 \" src=\"http:\/\/wp.catedu.es\/convivencia\/wp-content\/uploads\/sites\/64\/2020\/10\/71FxTs7B1L-674x1024.jpg\" alt=\"\" width=\"451\" height=\"685\" srcset=\"https:\/\/wp.catedu.es\/convivencia\/wp-content\/uploads\/sites\/64\/2020\/10\/71FxTs7B1L-674x1024.jpg 674w, https:\/\/wp.catedu.es\/convivencia\/wp-content\/uploads\/sites\/64\/2020\/10\/71FxTs7B1L-197x300.jpg 197w, https:\/\/wp.catedu.es\/convivencia\/wp-content\/uploads\/sites\/64\/2020\/10\/71FxTs7B1L-768x1167.jpg 768w, https:\/\/wp.catedu.es\/convivencia\/wp-content\/uploads\/sites\/64\/2020\/10\/71FxTs7B1L-1011x1536.jpg 1011w, https:\/\/wp.catedu.es\/convivencia\/wp-content\/uploads\/sites\/64\/2020\/10\/71FxTs7B1L-1347x2048.jpg 1347w, https:\/\/wp.catedu.es\/convivencia\/wp-content\/uploads\/sites\/64\/2020\/10\/71FxTs7B1L-881x1339.jpg 881w, https:\/\/wp.catedu.es\/convivencia\/wp-content\/uploads\/sites\/64\/2020\/10\/71FxTs7B1L.jpg 1400w\" sizes=\"auto, (max-width: 451px) 100vw, 451px\" \/><\/p>\n<p style=\"text-align: center\">Esta historia no trata de un adolescente con las t\u00edpicas preocupaciones de los adolescentes. No. Esta es una historia sobre el acoso escolar, sobre el bullying, y sobre c\u00f3mo cuando m\u00e1s queremos que la gente nos vea&#8230; nos hacemos invisibles a ojos de los dem\u00e1s. Te dejamos la presentaci\u00f3n que ha realizado su autor.<\/p>\n<div class=\"embed-container\"><iframe loading=\"lazy\" title=\"Eloy Moreno  nos presenta INVISIBLE, su nueva novela\" width=\"881\" height=\"496\" src=\"https:\/\/www.youtube.com\/embed\/rMbIaSWil-4?feature=oembed\" frameborder=\"0\" allow=\"accelerometer; autoplay; clipboard-write; encrypted-media; gyroscope; picture-in-picture\" allowfullscreen><\/iframe><\/div>\n","protected":false},"excerpt":{"rendered":"<p>El IES Fernando L\u00e1zaro Carreter de Utrillas nos recomienda este libro que han trabajado. Invisible\u00a0nos cuenta la historia de un chico adolescente con una vida sencilla y normal, con una familia t\u00edpica, donde sus padres est\u00e1n muy ocupados con el trabajo y su hermana peque\u00f1a tiene una relaci\u00f3n especial con \u00e9l. Este chico normal, aparentemente &hellip; <\/p>\n<p><a class=\"more-link btn\" href=\"https:\/\/wp.catedu.es\/convivencia\/invisible-de-eloy-moreno\/\">Seguir leyendo<\/a><\/p>\n","protected":false},"author":120,"featured_media":0,"comment_status":"closed","ping_status":"closed","sticky":false,"template":"","format":"standard","meta":{"footnotes":""},"categories":[6,9,20,4,10,11,16,17],"tags":[],"class_list":["post-2785","post","type-post","status-publish","format-standard","hentry","category-educacion-emocional","category-ensenar-a-convivir","category-ensenar-a-pensar","category-ensenar-a-ser-persona","category-habilidades-de-comunicacion","category-habilidades-sociales","category-prevencion-y-deteccion-del-acoso-escolar","category-resolucion-de-conflictos","item-wrap"],"_links":{"self":[{"href":"https:\/\/wp.catedu.es\/convivencia\/wp-json\/wp\/v2\/posts\/2785","targetHints":{"allow":["GET"]}}],"collection":[{"href":"https:\/\/wp.catedu.es\/convivencia\/wp-json\/wp\/v2\/posts"}],"about":[{"href":"https:\/\/wp.catedu.es\/convivencia\/wp-json\/wp\/v2\/types\/post"}],"author":[{"embeddable":true,"href":"https:\/\/wp.catedu.es\/convivencia\/wp-json\/wp\/v2\/users\/120"}],"replies":[{"embeddable":true,"href":"https:\/\/wp.catedu.es\/convivencia\/wp-json\/wp\/v2\/comments?post=2785"}],"version-history":[{"count":4,"href":"https:\/\/wp.catedu.es\/convivencia\/wp-json\/wp\/v2\/posts\/2785\/revisions"}],"predecessor-version":[{"id":2793,"href":"https:\/\/wp.catedu.es\/convivencia\/wp-json\/wp\/v2\/posts\/2785\/revisions\/2793"}],"wp:attachment":[{"href":"https:\/\/wp.catedu.es\/convivencia\/wp-json\/wp\/v2\/media?parent=2785"}],"wp:term":[{"taxonomy":"category","embeddable":true,"href":"https:\/\/wp.catedu.es\/convivencia\/wp-json\/wp\/v2\/categories?post=2785"},{"taxonomy":"post_tag","embeddable":true,"href":"https:\/\/wp.catedu.es\/convivencia\/wp-json\/wp\/v2\/tags?post=2785"}],"curies":[{"name":"wp","href":"https:\/\/api.w.org\/{rel}","templated":true}]}}