{"id":2959,"date":"2021-03-25T22:46:43","date_gmt":"2021-03-25T21:46:43","guid":{"rendered":"http:\/\/wp.catedu.es\/convivencia\/?p=2959"},"modified":"2021-03-25T22:46:43","modified_gmt":"2021-03-25T21:46:43","slug":"mini-crie-ii-te-vienes-conmigo-cra-eras-del-jiloca","status":"publish","type":"post","link":"https:\/\/wp.catedu.es\/convivencia\/mini-crie-ii-te-vienes-conmigo-cra-eras-del-jiloca\/","title":{"rendered":"MINI CRIE II: \u00bfTe vienes conmigo? &#8211; CRA ERAS DEL JILOCA"},"content":{"rendered":"<p style=\"text-align: center\">Esta semana os dejamos est\u00e1 recomendaci\u00f3n. Centro formado por las aulas de las localidades de B\u00e1guena y de El Poyo del Cid. Toda una apuesta por la escuela rural, la innovaci\u00f3n educativa, los alumnos y la vida en nuestros pueblos.<\/p>\n<p style=\"text-align: center\">Os dejamos primero este v\u00eddeo motivador.<\/p>\n<div class=\"embed-container\"><iframe loading=\"lazy\" title=\"MINI CRIE II: \u00bfTe vienes conmigo?\" width=\"881\" height=\"496\" src=\"https:\/\/www.youtube.com\/embed\/9yPloQzRZ-k?feature=oembed\" frameborder=\"0\" allow=\"accelerometer; autoplay; clipboard-write; encrypted-media; gyroscope; picture-in-picture\" allowfullscreen><\/iframe><\/div>\n<p style=\"text-align: center\">Las respuestas las tienes en su web.<\/p>\n<p><a href=\"https:\/\/craerasdeljiloca.blogspot.com\/2021\/03\/minicrie-ii-dia-1.html\" target=\"_blank\" rel=\"noopener\"><img loading=\"lazy\" decoding=\"async\" class=\"aligncenter\" src=\"https:\/\/4.bp.blogspot.com\/-BNvTKm3JzDA\/Wg4OuGKbIJI\/AAAAAAAAAFo\/qk7pExsLp8MB5OjZLUHOAix_G41EJzvvgCK4BGAYYCw\/s1600\/ANAGRAMA%2BCOLE%2BPOYO%2B%25281%2529%2B%25283%2529.jpg\" alt=\"\" width=\"380\" height=\"299\" \/><\/a><\/p>\n<p style=\"text-align: center\">Enhorabuena compa\u00f1er@s por esta actividad cargada de valores.<\/p>\n","protected":false},"excerpt":{"rendered":"<p>Esta semana os dejamos est\u00e1 recomendaci\u00f3n. Centro formado por las aulas de las localidades de B\u00e1guena y de El Poyo del Cid. Toda una apuesta por la escuela rural, la innovaci\u00f3n educativa, los alumnos y la vida en nuestros pueblos. Os dejamos primero este v\u00eddeo motivador. Las respuestas las tienes en su web. Enhorabuena compa\u00f1er@s &hellip; <\/p>\n<p><a class=\"more-link btn\" href=\"https:\/\/wp.catedu.es\/convivencia\/mini-crie-ii-te-vienes-conmigo-cra-eras-del-jiloca\/\">Seguir leyendo<\/a><\/p>\n","protected":false},"author":120,"featured_media":0,"comment_status":"closed","ping_status":"closed","sticky":false,"template":"","format":"standard","meta":{"footnotes":""},"categories":[9,20,4,11,3,23],"tags":[],"class_list":["post-2959","post","type-post","status-publish","format-standard","hentry","category-ensenar-a-convivir","category-ensenar-a-pensar","category-ensenar-a-ser-persona","category-habilidades-sociales","category-identidad-personal-autoconcepto","category-programas-de-toma-de-decisiones","item-wrap"],"_links":{"self":[{"href":"https:\/\/wp.catedu.es\/convivencia\/wp-json\/wp\/v2\/posts\/2959","targetHints":{"allow":["GET"]}}],"collection":[{"href":"https:\/\/wp.catedu.es\/convivencia\/wp-json\/wp\/v2\/posts"}],"about":[{"href":"https:\/\/wp.catedu.es\/convivencia\/wp-json\/wp\/v2\/types\/post"}],"author":[{"embeddable":true,"href":"https:\/\/wp.catedu.es\/convivencia\/wp-json\/wp\/v2\/users\/120"}],"replies":[{"embeddable":true,"href":"https:\/\/wp.catedu.es\/convivencia\/wp-json\/wp\/v2\/comments?post=2959"}],"version-history":[{"count":1,"href":"https:\/\/wp.catedu.es\/convivencia\/wp-json\/wp\/v2\/posts\/2959\/revisions"}],"predecessor-version":[{"id":2960,"href":"https:\/\/wp.catedu.es\/convivencia\/wp-json\/wp\/v2\/posts\/2959\/revisions\/2960"}],"wp:attachment":[{"href":"https:\/\/wp.catedu.es\/convivencia\/wp-json\/wp\/v2\/media?parent=2959"}],"wp:term":[{"taxonomy":"category","embeddable":true,"href":"https:\/\/wp.catedu.es\/convivencia\/wp-json\/wp\/v2\/categories?post=2959"},{"taxonomy":"post_tag","embeddable":true,"href":"https:\/\/wp.catedu.es\/convivencia\/wp-json\/wp\/v2\/tags?post=2959"}],"curies":[{"name":"wp","href":"https:\/\/api.w.org\/{rel}","templated":true}]}}