{"id":3128,"date":"2021-12-03T14:23:13","date_gmt":"2021-12-03T13:23:13","guid":{"rendered":"https:\/\/wp.catedu.es\/convivencia\/?p=3128"},"modified":"2021-12-03T18:14:42","modified_gmt":"2021-12-03T17:14:42","slug":"3-de-diciembre-dia-internacional-de-la-discapacidad","status":"publish","type":"post","link":"https:\/\/wp.catedu.es\/convivencia\/3-de-diciembre-dia-internacional-de-la-discapacidad\/","title":{"rendered":"3 de diciembre. D\u00eda Internacional de la Discapacidad"},"content":{"rendered":"<p><img loading=\"lazy\" decoding=\"async\" class=\"alignnone size-medium wp-image-3129 aligncenter\" src=\"http:\/\/wp.catedu.es\/convivencia\/wp-content\/uploads\/sites\/64\/2021\/12\/cartel-david-1068x1517-1-211x300.jpg\" alt=\"\" width=\"211\" height=\"300\" srcset=\"https:\/\/wp.catedu.es\/convivencia\/wp-content\/uploads\/sites\/64\/2021\/12\/cartel-david-1068x1517-1-211x300.jpg 211w, https:\/\/wp.catedu.es\/convivencia\/wp-content\/uploads\/sites\/64\/2021\/12\/cartel-david-1068x1517-1-721x1024.jpg 721w, https:\/\/wp.catedu.es\/convivencia\/wp-content\/uploads\/sites\/64\/2021\/12\/cartel-david-1068x1517-1-768x1091.jpg 768w, https:\/\/wp.catedu.es\/convivencia\/wp-content\/uploads\/sites\/64\/2021\/12\/cartel-david-1068x1517-1-881x1251.jpg 881w, https:\/\/wp.catedu.es\/convivencia\/wp-content\/uploads\/sites\/64\/2021\/12\/cartel-david-1068x1517-1.jpg 1068w\" sizes=\"auto, (max-width: 211px) 100vw, 211px\" \/><\/p>\n<p style=\"text-align: center\">Para celebrar este d\u00eda, que mejor que presentaros el trabajo ya tradicional y las grandes capacidades que desarrollan en el CPEE Gloria Fuertes de Andorra.\u00a0 Os dejamos sus palabras:<\/p>\n<p style=\"text-align: center\">&#8220;ESTA MA\u00d1ANA HA FINALIZADO LA TIRADA DE SERIGRAF\u00cdA DE NUESTRO TRADICIONAL CALENDARIO 2022 QUE REALIZAMOS EN EL TALLER DE PL\u00c1STICA, Y QUE ESTE A\u00d1O DEDICAMOS AL 40 ANIVERSARIO DEL COLEGIO GLORIA FUERTES.<\/p>\n<div dir=\"auto\" style=\"text-align: center\">COLORES, DIBUJOS COLECTIVOS, SONRISAS, TRABAJO EN EQUIPO, Y SOBRE TODO MUCHA ILUSI\u00d3N HA CARACTERIZADO EL PROCESO DE ELABORACI\u00d3N DE ESTE BONITO ALMANAQUE.<\/div>\n<div dir=\"auto\" style=\"text-align: center\">GRACIAS A TODOS LOS PROFESIONALES IMPLICADOS Y A NUESTRO ALUMNADO POR SU PARTICIPACI\u00d3N, EN ESPECIAL A LOS CHICOS\/AS DEL PROGRAMA DE CUALIFICACI\u00d3N PROFESIONAL (PCE III) QUE HAN SIDO LOS ENCARGADOS DE LA TIRADA EN SERIGRAF\u00cdA DE CADA UNA DE LAS HOJAS DEL CALENDARIO.<\/div>\n<div dir=\"auto\" style=\"text-align: center\">\u00a1FELIZ PUENTE DE DICIEMBRE PARA TODOS LOS AMIGOS\/AS&#8221;<\/div>\n<div dir=\"auto\"><\/div>\n<div dir=\"auto\">\n<table style=\"border-collapse: collapse;width: 100%\">\n<tbody>\n<tr>\n<td style=\"width: 50%\"><img loading=\"lazy\" decoding=\"async\" class=\"size-medium wp-image-3130 aligncenter\" src=\"http:\/\/wp.catedu.es\/convivencia\/wp-content\/uploads\/sites\/64\/2021\/12\/263407377_4454345608021236_6996870119185964288_n-224x300.jpg\" alt=\"\" width=\"224\" height=\"300\" srcset=\"https:\/\/wp.catedu.es\/convivencia\/wp-content\/uploads\/sites\/64\/2021\/12\/263407377_4454345608021236_6996870119185964288_n-224x300.jpg 224w, https:\/\/wp.catedu.es\/convivencia\/wp-content\/uploads\/sites\/64\/2021\/12\/263407377_4454345608021236_6996870119185964288_n-766x1024.jpg 766w, https:\/\/wp.catedu.es\/convivencia\/wp-content\/uploads\/sites\/64\/2021\/12\/263407377_4454345608021236_6996870119185964288_n-768x1027.jpg 768w, https:\/\/wp.catedu.es\/convivencia\/wp-content\/uploads\/sites\/64\/2021\/12\/263407377_4454345608021236_6996870119185964288_n-1149x1536.jpg 1149w, https:\/\/wp.catedu.es\/convivencia\/wp-content\/uploads\/sites\/64\/2021\/12\/263407377_4454345608021236_6996870119185964288_n-881x1178.jpg 881w, https:\/\/wp.catedu.es\/convivencia\/wp-content\/uploads\/sites\/64\/2021\/12\/263407377_4454345608021236_6996870119185964288_n.jpg 1197w\" sizes=\"auto, (max-width: 224px) 100vw, 224px\" \/><\/td>\n<td style=\"width: 50%\"><img loading=\"lazy\" decoding=\"async\" class=\"size-medium wp-image-3131 aligncenter\" src=\"http:\/\/wp.catedu.es\/convivencia\/wp-content\/uploads\/sites\/64\/2021\/12\/263554729_4454344968021300_7106274880179266545_n-224x300.jpg\" alt=\"\" width=\"224\" height=\"300\" srcset=\"https:\/\/wp.catedu.es\/convivencia\/wp-content\/uploads\/sites\/64\/2021\/12\/263554729_4454344968021300_7106274880179266545_n-224x300.jpg 224w, https:\/\/wp.catedu.es\/convivencia\/wp-content\/uploads\/sites\/64\/2021\/12\/263554729_4454344968021300_7106274880179266545_n-766x1024.jpg 766w, https:\/\/wp.catedu.es\/convivencia\/wp-content\/uploads\/sites\/64\/2021\/12\/263554729_4454344968021300_7106274880179266545_n-768x1027.jpg 768w, https:\/\/wp.catedu.es\/convivencia\/wp-content\/uploads\/sites\/64\/2021\/12\/263554729_4454344968021300_7106274880179266545_n-1149x1536.jpg 1149w, https:\/\/wp.catedu.es\/convivencia\/wp-content\/uploads\/sites\/64\/2021\/12\/263554729_4454344968021300_7106274880179266545_n-881x1178.jpg 881w, https:\/\/wp.catedu.es\/convivencia\/wp-content\/uploads\/sites\/64\/2021\/12\/263554729_4454344968021300_7106274880179266545_n.jpg 1197w\" sizes=\"auto, (max-width: 224px) 100vw, 224px\" \/><\/td>\n<\/tr>\n<\/tbody>\n<\/table>\n<\/div>\n<div dir=\"auto\"><\/div>\n<div dir=\"auto\"><img loading=\"lazy\" decoding=\"async\" class=\" wp-image-3132 aligncenter\" src=\"http:\/\/wp.catedu.es\/convivencia\/wp-content\/uploads\/sites\/64\/2021\/12\/263828827_4454345494687914_5575620849067624432_n-224x300.jpg\" alt=\"\" width=\"326\" height=\"436\" srcset=\"https:\/\/wp.catedu.es\/convivencia\/wp-content\/uploads\/sites\/64\/2021\/12\/263828827_4454345494687914_5575620849067624432_n-224x300.jpg 224w, https:\/\/wp.catedu.es\/convivencia\/wp-content\/uploads\/sites\/64\/2021\/12\/263828827_4454345494687914_5575620849067624432_n-766x1024.jpg 766w, https:\/\/wp.catedu.es\/convivencia\/wp-content\/uploads\/sites\/64\/2021\/12\/263828827_4454345494687914_5575620849067624432_n-768x1027.jpg 768w, https:\/\/wp.catedu.es\/convivencia\/wp-content\/uploads\/sites\/64\/2021\/12\/263828827_4454345494687914_5575620849067624432_n-1149x1536.jpg 1149w, https:\/\/wp.catedu.es\/convivencia\/wp-content\/uploads\/sites\/64\/2021\/12\/263828827_4454345494687914_5575620849067624432_n-881x1178.jpg 881w, https:\/\/wp.catedu.es\/convivencia\/wp-content\/uploads\/sites\/64\/2021\/12\/263828827_4454345494687914_5575620849067624432_n.jpg 1197w\" sizes=\"auto, (max-width: 326px) 100vw, 326px\" \/> <img loading=\"lazy\" decoding=\"async\" class=\" wp-image-3133 aligncenter\" src=\"http:\/\/wp.catedu.es\/convivencia\/wp-content\/uploads\/sites\/64\/2021\/12\/263926544_4454345214687942_5304684568268944654_n-300x224.jpg\" alt=\"\" width=\"462\" height=\"345\" srcset=\"https:\/\/wp.catedu.es\/convivencia\/wp-content\/uploads\/sites\/64\/2021\/12\/263926544_4454345214687942_5304684568268944654_n-300x224.jpg 300w, https:\/\/wp.catedu.es\/convivencia\/wp-content\/uploads\/sites\/64\/2021\/12\/263926544_4454345214687942_5304684568268944654_n-1024x765.jpg 1024w, https:\/\/wp.catedu.es\/convivencia\/wp-content\/uploads\/sites\/64\/2021\/12\/263926544_4454345214687942_5304684568268944654_n-768x574.jpg 768w, https:\/\/wp.catedu.es\/convivencia\/wp-content\/uploads\/sites\/64\/2021\/12\/263926544_4454345214687942_5304684568268944654_n-1536x1148.jpg 1536w, https:\/\/wp.catedu.es\/convivencia\/wp-content\/uploads\/sites\/64\/2021\/12\/263926544_4454345214687942_5304684568268944654_n-881x659.jpg 881w, https:\/\/wp.catedu.es\/convivencia\/wp-content\/uploads\/sites\/64\/2021\/12\/263926544_4454345214687942_5304684568268944654_n.jpg 1600w\" sizes=\"auto, (max-width: 462px) 100vw, 462px\" \/><\/div>\n<div dir=\"auto\"><\/div>\n<div dir=\"auto\" style=\"text-align: center\">Pone el broche de oro a una semana fant\u00e1stica que empezaron a celebrar con esta actividad:<\/div>\n<div dir=\"auto\"><\/div>\n<div dir=\"auto\"><img loading=\"lazy\" decoding=\"async\" class=\"wp-image-3138 aligncenter\" src=\"http:\/\/wp.catedu.es\/convivencia\/wp-content\/uploads\/sites\/64\/2021\/12\/262043972_4923844330994267_6561724924472812463_n.jpg\" alt=\"\" width=\"681\" height=\"463\" srcset=\"https:\/\/wp.catedu.es\/convivencia\/wp-content\/uploads\/sites\/64\/2021\/12\/262043972_4923844330994267_6561724924472812463_n.jpg 960w, https:\/\/wp.catedu.es\/convivencia\/wp-content\/uploads\/sites\/64\/2021\/12\/262043972_4923844330994267_6561724924472812463_n-300x204.jpg 300w, https:\/\/wp.catedu.es\/convivencia\/wp-content\/uploads\/sites\/64\/2021\/12\/262043972_4923844330994267_6561724924472812463_n-768x522.jpg 768w, https:\/\/wp.catedu.es\/convivencia\/wp-content\/uploads\/sites\/64\/2021\/12\/262043972_4923844330994267_6561724924472812463_n-881x598.jpg 881w\" sizes=\"auto, (max-width: 681px) 100vw, 681px\" \/><\/div>\n<div dir=\"auto\"><\/div>\n<div dir=\"auto\"><\/div>\n<div dir=\"auto\"><img loading=\"lazy\" decoding=\"async\" class=\"wp-image-3137 aligncenter\" src=\"http:\/\/wp.catedu.es\/convivencia\/wp-content\/uploads\/sites\/64\/2021\/12\/263331664_4923844474327586_3313485445530098807_n.jpg\" alt=\"\" width=\"685\" height=\"513\" srcset=\"https:\/\/wp.catedu.es\/convivencia\/wp-content\/uploads\/sites\/64\/2021\/12\/263331664_4923844474327586_3313485445530098807_n.jpg 960w, https:\/\/wp.catedu.es\/convivencia\/wp-content\/uploads\/sites\/64\/2021\/12\/263331664_4923844474327586_3313485445530098807_n-300x225.jpg 300w, https:\/\/wp.catedu.es\/convivencia\/wp-content\/uploads\/sites\/64\/2021\/12\/263331664_4923844474327586_3313485445530098807_n-768x576.jpg 768w, https:\/\/wp.catedu.es\/convivencia\/wp-content\/uploads\/sites\/64\/2021\/12\/263331664_4923844474327586_3313485445530098807_n-881x661.jpg 881w\" sizes=\"auto, (max-width: 685px) 100vw, 685px\" \/><\/div>\n<p>&nbsp;<\/p>\n<hr \/>\n<p style=\"text-align: center\">Desde el CEIP Antonio Gargallo Moya de Escucha tambi\u00e9n nos mandan el Proyecto de Trabajo que han desarrollado esta semana con esta tem\u00e1tica.<\/p>\n<p style=\"text-align: center\">Bajo el lema, ALGUIEN HIZO UN C\u00cdRCULO PARA DEJARME FUERA&#8230; YO HICE UNO M\u00c1S GRANDE PARA INCLUIRNOS A TODOS han reflexionado sobre esta idea bajo el prisma de la inclusi\u00f3n.<\/p>\n<table style=\"border-collapse: collapse;width: 100%\">\n<tbody>\n<tr>\n<td style=\"width: 50%\"><img loading=\"lazy\" decoding=\"async\" class=\" wp-image-3140 aligncenter\" src=\"http:\/\/wp.catedu.es\/convivencia\/wp-content\/uploads\/sites\/64\/2021\/12\/1es-225x300.jpg\" alt=\"\" width=\"288\" height=\"382\" \/><\/td>\n<td style=\"width: 50%\"><img loading=\"lazy\" decoding=\"async\" class=\" wp-image-3142 aligncenter\" src=\"http:\/\/wp.catedu.es\/convivencia\/wp-content\/uploads\/sites\/64\/2021\/12\/3es-225x300.jpg\" alt=\"\" width=\"275\" height=\"367\" srcset=\"https:\/\/wp.catedu.es\/convivencia\/wp-content\/uploads\/sites\/64\/2021\/12\/3es-225x300.jpg 225w, https:\/\/wp.catedu.es\/convivencia\/wp-content\/uploads\/sites\/64\/2021\/12\/3es-768x1024.jpg 768w, https:\/\/wp.catedu.es\/convivencia\/wp-content\/uploads\/sites\/64\/2021\/12\/3es-1152x1536.jpg 1152w, https:\/\/wp.catedu.es\/convivencia\/wp-content\/uploads\/sites\/64\/2021\/12\/3es-881x1175.jpg 881w, https:\/\/wp.catedu.es\/convivencia\/wp-content\/uploads\/sites\/64\/2021\/12\/3es.jpg 1500w\" sizes=\"auto, (max-width: 275px) 100vw, 275px\" \/><\/td>\n<\/tr>\n<tr>\n<td style=\"width: 50%\"><img loading=\"lazy\" decoding=\"async\" class=\" wp-image-3143 aligncenter\" src=\"http:\/\/wp.catedu.es\/convivencia\/wp-content\/uploads\/sites\/64\/2021\/12\/4es-225x300.jpg\" alt=\"\" width=\"270\" height=\"359\" srcset=\"https:\/\/wp.catedu.es\/convivencia\/wp-content\/uploads\/sites\/64\/2021\/12\/4es-225x300.jpg 225w, https:\/\/wp.catedu.es\/convivencia\/wp-content\/uploads\/sites\/64\/2021\/12\/4es-768x1024.jpg 768w, https:\/\/wp.catedu.es\/convivencia\/wp-content\/uploads\/sites\/64\/2021\/12\/4es-1152x1536.jpg 1152w, https:\/\/wp.catedu.es\/convivencia\/wp-content\/uploads\/sites\/64\/2021\/12\/4es-881x1175.jpg 881w, https:\/\/wp.catedu.es\/convivencia\/wp-content\/uploads\/sites\/64\/2021\/12\/4es.jpg 1200w\" sizes=\"auto, (max-width: 270px) 100vw, 270px\" \/><\/td>\n<td style=\"width: 50%\"><img loading=\"lazy\" decoding=\"async\" class=\" wp-image-3141 aligncenter\" style=\"margin-top: 6px\" src=\"http:\/\/wp.catedu.es\/convivencia\/wp-content\/uploads\/sites\/64\/2021\/12\/2es-300x225.jpg\" alt=\"\" width=\"435\" height=\"326\" srcset=\"https:\/\/wp.catedu.es\/convivencia\/wp-content\/uploads\/sites\/64\/2021\/12\/2es-300x225.jpg 300w, https:\/\/wp.catedu.es\/convivencia\/wp-content\/uploads\/sites\/64\/2021\/12\/2es-1024x768.jpg 1024w, https:\/\/wp.catedu.es\/convivencia\/wp-content\/uploads\/sites\/64\/2021\/12\/2es-768x576.jpg 768w, https:\/\/wp.catedu.es\/convivencia\/wp-content\/uploads\/sites\/64\/2021\/12\/2es-1536x1152.jpg 1536w, https:\/\/wp.catedu.es\/convivencia\/wp-content\/uploads\/sites\/64\/2021\/12\/2es-881x661.jpg 881w, https:\/\/wp.catedu.es\/convivencia\/wp-content\/uploads\/sites\/64\/2021\/12\/2es.jpg 1600w\" sizes=\"auto, (max-width: 435px) 100vw, 435px\" \/><\/td>\n<\/tr>\n<\/tbody>\n<\/table>\n<hr \/>\n","protected":false},"excerpt":{"rendered":"<p>Para celebrar este d\u00eda, que mejor que presentaros el trabajo ya tradicional y las grandes capacidades que desarrollan en el CPEE Gloria Fuertes de Andorra.\u00a0 Os dejamos sus palabras: &#8220;ESTA MA\u00d1ANA HA FINALIZADO LA TIRADA DE SERIGRAF\u00cdA DE NUESTRO TRADICIONAL CALENDARIO 2022 QUE REALIZAMOS EN EL TALLER DE PL\u00c1STICA, Y QUE ESTE A\u00d1O DEDICAMOS AL &hellip; <\/p>\n<p><a class=\"more-link btn\" href=\"https:\/\/wp.catedu.es\/convivencia\/3-de-diciembre-dia-internacional-de-la-discapacidad\/\">Seguir leyendo<\/a><\/p>\n","protected":false},"author":120,"featured_media":0,"comment_status":"closed","ping_status":"closed","sticky":false,"template":"","format":"standard","meta":{"footnotes":""},"categories":[13,15,12,9,20,4,14],"tags":[],"class_list":["post-3128","post","type-post","status-publish","format-standard","hentry","category-aceptacion-de-las-diferencias-y-sensibilizacion-en-relacion-a-la-discapacidad-etc","category-cohesion-grupal","category-empatia","category-ensenar-a-convivir","category-ensenar-a-pensar","category-ensenar-a-ser-persona","category-inclusion-e-interculturalidad","item-wrap"],"_links":{"self":[{"href":"https:\/\/wp.catedu.es\/convivencia\/wp-json\/wp\/v2\/posts\/3128","targetHints":{"allow":["GET"]}}],"collection":[{"href":"https:\/\/wp.catedu.es\/convivencia\/wp-json\/wp\/v2\/posts"}],"about":[{"href":"https:\/\/wp.catedu.es\/convivencia\/wp-json\/wp\/v2\/types\/post"}],"author":[{"embeddable":true,"href":"https:\/\/wp.catedu.es\/convivencia\/wp-json\/wp\/v2\/users\/120"}],"replies":[{"embeddable":true,"href":"https:\/\/wp.catedu.es\/convivencia\/wp-json\/wp\/v2\/comments?post=3128"}],"version-history":[{"count":6,"href":"https:\/\/wp.catedu.es\/convivencia\/wp-json\/wp\/v2\/posts\/3128\/revisions"}],"predecessor-version":[{"id":3145,"href":"https:\/\/wp.catedu.es\/convivencia\/wp-json\/wp\/v2\/posts\/3128\/revisions\/3145"}],"wp:attachment":[{"href":"https:\/\/wp.catedu.es\/convivencia\/wp-json\/wp\/v2\/media?parent=3128"}],"wp:term":[{"taxonomy":"category","embeddable":true,"href":"https:\/\/wp.catedu.es\/convivencia\/wp-json\/wp\/v2\/categories?post=3128"},{"taxonomy":"post_tag","embeddable":true,"href":"https:\/\/wp.catedu.es\/convivencia\/wp-json\/wp\/v2\/tags?post=3128"}],"curies":[{"name":"wp","href":"https:\/\/api.w.org\/{rel}","templated":true}]}}