{"id":3207,"date":"2022-03-08T12:27:38","date_gmt":"2022-03-08T11:27:38","guid":{"rendered":"https:\/\/wp.catedu.es\/convivencia\/?p=3207"},"modified":"2022-03-08T12:38:12","modified_gmt":"2022-03-08T11:38:12","slug":"8m-dia-internacional-de-la-mujer","status":"publish","type":"post","link":"https:\/\/wp.catedu.es\/convivencia\/8m-dia-internacional-de-la-mujer\/","title":{"rendered":"8M: D\u00eda Internacional de la Mujer"},"content":{"rendered":"<p style=\"text-align: center\">Las Redes Sociales est\u00e1n llenas de actividades de nuestros centros educativos para celebrar este d\u00eda.<\/p>\n<p style=\"text-align: center\">Destacamos este a\u00f1o las actividades realizadas por el CPEPA Valderrobres en todas sus localidades.<\/p>\n<p><img loading=\"lazy\" decoding=\"async\" class=\"aligncenter wp-image-3208 size-full\" src=\"http:\/\/wp.catedu.es\/convivencia\/wp-content\/uploads\/sites\/64\/2022\/03\/275186632_4782441478550090_4257341557900623770_n.jpg\" alt=\"\" width=\"831\" height=\"960\" srcset=\"https:\/\/wp.catedu.es\/convivencia\/wp-content\/uploads\/sites\/64\/2022\/03\/275186632_4782441478550090_4257341557900623770_n.jpg 831w, https:\/\/wp.catedu.es\/convivencia\/wp-content\/uploads\/sites\/64\/2022\/03\/275186632_4782441478550090_4257341557900623770_n-260x300.jpg 260w, https:\/\/wp.catedu.es\/convivencia\/wp-content\/uploads\/sites\/64\/2022\/03\/275186632_4782441478550090_4257341557900623770_n-768x887.jpg 768w\" sizes=\"auto, (max-width: 831px) 100vw, 831px\" \/><\/p>\n<p><img loading=\"lazy\" decoding=\"async\" class=\"alignnone wp-image-3209 size-large\" src=\"http:\/\/wp.catedu.es\/convivencia\/wp-content\/uploads\/sites\/64\/2022\/03\/275243515_4792351277559110_5846631500487871154_n-1024x768.jpg\" alt=\"\" width=\"881\" height=\"661\" srcset=\"https:\/\/wp.catedu.es\/convivencia\/wp-content\/uploads\/sites\/64\/2022\/03\/275243515_4792351277559110_5846631500487871154_n-1024x768.jpg 1024w, https:\/\/wp.catedu.es\/convivencia\/wp-content\/uploads\/sites\/64\/2022\/03\/275243515_4792351277559110_5846631500487871154_n-300x225.jpg 300w, https:\/\/wp.catedu.es\/convivencia\/wp-content\/uploads\/sites\/64\/2022\/03\/275243515_4792351277559110_5846631500487871154_n-768x576.jpg 768w, https:\/\/wp.catedu.es\/convivencia\/wp-content\/uploads\/sites\/64\/2022\/03\/275243515_4792351277559110_5846631500487871154_n-881x661.jpg 881w, https:\/\/wp.catedu.es\/convivencia\/wp-content\/uploads\/sites\/64\/2022\/03\/275243515_4792351277559110_5846631500487871154_n.jpg 1440w\" sizes=\"auto, (max-width: 881px) 100vw, 881px\" \/><\/p>\n<p style=\"text-align: center\">&#8220;Las alumnas del Taller de Memoria de Fornoles han participado en la celebraci\u00f3n del 8M preparando un techo donde se les ven las manos en diferentes colores. Quieren transmitir que aunque cada uno es diferente (como muestran los colores) todos tenemos cosas en com\u00fan (como muestran las semejantes siluetas de manos) y tenemos que trabajar juntos para lograr la igualdad&#8221;<\/p>\n<p>&nbsp;<\/p>\n<p style=\"text-align: center\"><img loading=\"lazy\" decoding=\"async\" class=\"alignnone size-medium wp-image-3210\" src=\"http:\/\/wp.catedu.es\/convivencia\/wp-content\/uploads\/sites\/64\/2022\/03\/275365116_4792366134224291_2077152507562812224_n-300x259.jpg\" alt=\"\" width=\"300\" height=\"259\" srcset=\"https:\/\/wp.catedu.es\/convivencia\/wp-content\/uploads\/sites\/64\/2022\/03\/275365116_4792366134224291_2077152507562812224_n-300x259.jpg 300w, https:\/\/wp.catedu.es\/convivencia\/wp-content\/uploads\/sites\/64\/2022\/03\/275365116_4792366134224291_2077152507562812224_n.jpg 614w\" sizes=\"auto, (max-width: 300px) 100vw, 300px\" \/> <img loading=\"lazy\" decoding=\"async\" class=\"alignnone size-medium wp-image-3211\" src=\"http:\/\/wp.catedu.es\/convivencia\/wp-content\/uploads\/sites\/64\/2022\/03\/275372215_4792366137557624_3435672133224204854_n-300x260.jpg\" alt=\"\" width=\"300\" height=\"260\" srcset=\"https:\/\/wp.catedu.es\/convivencia\/wp-content\/uploads\/sites\/64\/2022\/03\/275372215_4792366137557624_3435672133224204854_n-300x260.jpg 300w, https:\/\/wp.catedu.es\/convivencia\/wp-content\/uploads\/sites\/64\/2022\/03\/275372215_4792366137557624_3435672133224204854_n.jpg 559w\" sizes=\"auto, (max-width: 300px) 100vw, 300px\" \/><\/p>\n<p style=\"text-align: center\">Nubes de palabras para reflexionar sobre el D\u00eda Internacional de la Mujer, en el aula de m\u00f3vil en Pe\u00f1arroya de Tastavins.<\/p>\n","protected":false},"excerpt":{"rendered":"<p>Las Redes Sociales est\u00e1n llenas de actividades de nuestros centros educativos para celebrar este d\u00eda. Destacamos este a\u00f1o las actividades realizadas por el CPEPA Valderrobres en todas sus localidades. &#8220;Las alumnas del Taller de Memoria de Fornoles han participado en la celebraci\u00f3n del 8M preparando un techo donde se les ven las manos en diferentes &hellip; <\/p>\n<p><a class=\"more-link btn\" href=\"https:\/\/wp.catedu.es\/convivencia\/8m-dia-internacional-de-la-mujer\/\">Seguir leyendo<\/a><\/p>\n","protected":false},"author":120,"featured_media":0,"comment_status":"closed","ping_status":"closed","sticky":false,"template":"","format":"standard","meta":{"footnotes":""},"categories":[6,9,20,4,3,42],"tags":[],"class_list":["post-3207","post","type-post","status-publish","format-standard","hentry","category-educacion-emocional","category-ensenar-a-convivir","category-ensenar-a-pensar","category-ensenar-a-ser-persona","category-identidad-personal-autoconcepto","category-igualdad","item-wrap"],"_links":{"self":[{"href":"https:\/\/wp.catedu.es\/convivencia\/wp-json\/wp\/v2\/posts\/3207","targetHints":{"allow":["GET"]}}],"collection":[{"href":"https:\/\/wp.catedu.es\/convivencia\/wp-json\/wp\/v2\/posts"}],"about":[{"href":"https:\/\/wp.catedu.es\/convivencia\/wp-json\/wp\/v2\/types\/post"}],"author":[{"embeddable":true,"href":"https:\/\/wp.catedu.es\/convivencia\/wp-json\/wp\/v2\/users\/120"}],"replies":[{"embeddable":true,"href":"https:\/\/wp.catedu.es\/convivencia\/wp-json\/wp\/v2\/comments?post=3207"}],"version-history":[{"count":3,"href":"https:\/\/wp.catedu.es\/convivencia\/wp-json\/wp\/v2\/posts\/3207\/revisions"}],"predecessor-version":[{"id":3214,"href":"https:\/\/wp.catedu.es\/convivencia\/wp-json\/wp\/v2\/posts\/3207\/revisions\/3214"}],"wp:attachment":[{"href":"https:\/\/wp.catedu.es\/convivencia\/wp-json\/wp\/v2\/media?parent=3207"}],"wp:term":[{"taxonomy":"category","embeddable":true,"href":"https:\/\/wp.catedu.es\/convivencia\/wp-json\/wp\/v2\/categories?post=3207"},{"taxonomy":"post_tag","embeddable":true,"href":"https:\/\/wp.catedu.es\/convivencia\/wp-json\/wp\/v2\/tags?post=3207"}],"curies":[{"name":"wp","href":"https:\/\/api.w.org\/{rel}","templated":true}]}}