{"id":3235,"date":"2022-04-21T12:12:56","date_gmt":"2022-04-21T11:12:56","guid":{"rendered":"https:\/\/wp.catedu.es\/convivencia\/?p=3235"},"modified":"2022-04-21T12:17:59","modified_gmt":"2022-04-21T11:17:59","slug":"concienciacion-del-tea","status":"publish","type":"post","link":"https:\/\/wp.catedu.es\/convivencia\/concienciacion-del-tea\/","title":{"rendered":"Concienciaci\u00f3n del TEA"},"content":{"rendered":"<p style=\"text-align: center\">Os dejamos esta semana este proyecto que ha trabajado el CRA Sierra de Albarrac\u00edn al final del trimestre pasado.<\/p>\n<div class=\"kvgmc6g5 cxmmr5t8 oygrvhab hcukyx3x c1et5uql ii04i59q\" style=\"text-align: center\">\n<div dir=\"auto\">&#8220;El 2 de abril se celebr\u00f3 el D\u00eda de concienciaci\u00f3n del TEA.<\/div>\n<div dir=\"auto\"><\/div>\n<\/div>\n<div class=\"cxmmr5t8 oygrvhab hcukyx3x c1et5uql o9v6fnle ii04i59q\" style=\"text-align: center\">\n<div dir=\"auto\">\u00bfQu\u00e9 significa TEA? Muy sencillo, Trastorno del Espectro Autista.<\/div>\n<div dir=\"auto\"><\/div>\n<\/div>\n<div class=\"cxmmr5t8 oygrvhab hcukyx3x c1et5uql o9v6fnle ii04i59q\" style=\"text-align: center\">\n<div dir=\"auto\">\u00bfQu\u00e9 es el TEA? Sencillo tambi\u00e9n: es una forma de ser de las personas. Igual que unos somos pacientes, otros nerviosos, a unos nos molesta la m\u00fasica alta, a otros nos agobian los lugares cerrados y un infinito etc\u00e9tera, las personas con TEA tienen unas caracter\u00edsticas que les hacen entender el mundo de otra forma. \u00bfMejor? \u00bfPeor? Ni uno ni otro, simplemente diferente, pero \u00bfno somos todos diferentes?<\/div>\n<div dir=\"auto\"><\/div>\n<\/div>\n<div class=\"cxmmr5t8 oygrvhab hcukyx3x c1et5uql o9v6fnle ii04i59q\" style=\"text-align: center\">\n<div dir=\"auto\">En el CRA hemos realizado una actividad para conocer estas caracter\u00edsticas, pues para entender y aceptar lo primero que necesitamos es conocer.<\/div>\n<div dir=\"auto\"><\/div>\n<\/div>\n<div class=\"cxmmr5t8 oygrvhab hcukyx3x c1et5uql o9v6fnle ii04i59q\" style=\"text-align: center\">\n<div dir=\"auto\">Hemos le\u00eddo el cuento \u00abTEA\u00bb que nos hizo llegar el Gobierno de Arag\u00f3n, en el que se ven con ojos de persona con TEA y con ojos de persona sin TEA las mismas situaciones \u00a1lo hemos hecho con unas gafas chul\u00edsimas! Ha sido una forma muy clara de entender a estas personas y nos ha encantado la actividad.<\/div>\n<div dir=\"auto\"><\/div>\n<\/div>\n<div class=\"cxmmr5t8 oygrvhab hcukyx3x c1et5uql o9v6fnle ii04i59q\" style=\"text-align: center\">\n<div dir=\"auto\">En resumen, debemos: Conocer, aceptar, respetar y activar nuestra empat\u00eda para conseguir la \u00a1\u00a1\u00a1\u00a1INCLUSI\u00d3N!!!<\/div>\n<div dir=\"auto\"><\/div>\n<div dir=\"auto\"><\/div>\n<\/div>\n<div class=\"cxmmr5t8 oygrvhab hcukyx3x c1et5uql o9v6fnle ii04i59q\">\n<div dir=\"auto\" style=\"text-align: center\">Por aqu\u00ed os dejamos el enlace el <a href=\"https:\/\/crasierradealbarracin.catedu.es\/concienciacion-del-tea\/?fbclid=IwAR2Sa9CUxQhKSoy3McdPil7aqusu0Xd2O1589g6ahprwZk0CLZGQAWJtO2k\">blog<\/a> donde pod\u00e9is ver las fotos&#8221;.<\/div>\n<div dir=\"auto\"><\/div>\n<\/div>\n<div dir=\"auto\"><img loading=\"lazy\" decoding=\"async\" class=\"wp-image-3236 size-large aligncenter\" src=\"http:\/\/wp.catedu.es\/convivencia\/wp-content\/uploads\/sites\/64\/2022\/04\/IMG_20220331_105615-1536x1152-1-1024x768.jpg\" alt=\"\" width=\"881\" height=\"661\" srcset=\"https:\/\/wp.catedu.es\/convivencia\/wp-content\/uploads\/sites\/64\/2022\/04\/IMG_20220331_105615-1536x1152-1-1024x768.jpg 1024w, https:\/\/wp.catedu.es\/convivencia\/wp-content\/uploads\/sites\/64\/2022\/04\/IMG_20220331_105615-1536x1152-1-300x225.jpg 300w, https:\/\/wp.catedu.es\/convivencia\/wp-content\/uploads\/sites\/64\/2022\/04\/IMG_20220331_105615-1536x1152-1-768x576.jpg 768w, https:\/\/wp.catedu.es\/convivencia\/wp-content\/uploads\/sites\/64\/2022\/04\/IMG_20220331_105615-1536x1152-1-881x661.jpg 881w, https:\/\/wp.catedu.es\/convivencia\/wp-content\/uploads\/sites\/64\/2022\/04\/IMG_20220331_105615-1536x1152-1.jpg 1536w\" sizes=\"auto, (max-width: 881px) 100vw, 881px\" \/><\/div>\n<div dir=\"auto\"><img loading=\"lazy\" decoding=\"async\" class=\"wp-image-3237 size-large aligncenter\" src=\"http:\/\/wp.catedu.es\/convivencia\/wp-content\/uploads\/sites\/64\/2022\/04\/IMG-20220407-WA0000-1536x1152-1-1024x768.jpg\" alt=\"\" width=\"881\" height=\"661\" srcset=\"https:\/\/wp.catedu.es\/convivencia\/wp-content\/uploads\/sites\/64\/2022\/04\/IMG-20220407-WA0000-1536x1152-1-1024x768.jpg 1024w, https:\/\/wp.catedu.es\/convivencia\/wp-content\/uploads\/sites\/64\/2022\/04\/IMG-20220407-WA0000-1536x1152-1-300x225.jpg 300w, https:\/\/wp.catedu.es\/convivencia\/wp-content\/uploads\/sites\/64\/2022\/04\/IMG-20220407-WA0000-1536x1152-1-768x576.jpg 768w, https:\/\/wp.catedu.es\/convivencia\/wp-content\/uploads\/sites\/64\/2022\/04\/IMG-20220407-WA0000-1536x1152-1-881x661.jpg 881w, https:\/\/wp.catedu.es\/convivencia\/wp-content\/uploads\/sites\/64\/2022\/04\/IMG-20220407-WA0000-1536x1152-1.jpg 1536w\" sizes=\"auto, (max-width: 881px) 100vw, 881px\" \/><\/div>\n<div dir=\"auto\"><\/div>\n","protected":false},"excerpt":{"rendered":"<p>Os dejamos esta semana este proyecto que ha trabajado el CRA Sierra de Albarrac\u00edn al final del trimestre pasado. &#8220;El 2 de abril se celebr\u00f3 el D\u00eda de concienciaci\u00f3n del TEA. \u00bfQu\u00e9 significa TEA? Muy sencillo, Trastorno del Espectro Autista. \u00bfQu\u00e9 es el TEA? Sencillo tambi\u00e9n: es una forma de ser de las personas. Igual &hellip; <\/p>\n<p><a class=\"more-link btn\" href=\"https:\/\/wp.catedu.es\/convivencia\/concienciacion-del-tea\/\">Seguir leyendo<\/a><\/p>\n","protected":false},"author":120,"featured_media":0,"comment_status":"closed","ping_status":"closed","sticky":false,"template":"","format":"standard","meta":{"footnotes":""},"categories":[13,15,6,12,9,20,4,11,3,14],"tags":[],"class_list":["post-3235","post","type-post","status-publish","format-standard","hentry","category-aceptacion-de-las-diferencias-y-sensibilizacion-en-relacion-a-la-discapacidad-etc","category-cohesion-grupal","category-educacion-emocional","category-empatia","category-ensenar-a-convivir","category-ensenar-a-pensar","category-ensenar-a-ser-persona","category-habilidades-sociales","category-identidad-personal-autoconcepto","category-inclusion-e-interculturalidad","item-wrap"],"_links":{"self":[{"href":"https:\/\/wp.catedu.es\/convivencia\/wp-json\/wp\/v2\/posts\/3235","targetHints":{"allow":["GET"]}}],"collection":[{"href":"https:\/\/wp.catedu.es\/convivencia\/wp-json\/wp\/v2\/posts"}],"about":[{"href":"https:\/\/wp.catedu.es\/convivencia\/wp-json\/wp\/v2\/types\/post"}],"author":[{"embeddable":true,"href":"https:\/\/wp.catedu.es\/convivencia\/wp-json\/wp\/v2\/users\/120"}],"replies":[{"embeddable":true,"href":"https:\/\/wp.catedu.es\/convivencia\/wp-json\/wp\/v2\/comments?post=3235"}],"version-history":[{"count":2,"href":"https:\/\/wp.catedu.es\/convivencia\/wp-json\/wp\/v2\/posts\/3235\/revisions"}],"predecessor-version":[{"id":3239,"href":"https:\/\/wp.catedu.es\/convivencia\/wp-json\/wp\/v2\/posts\/3235\/revisions\/3239"}],"wp:attachment":[{"href":"https:\/\/wp.catedu.es\/convivencia\/wp-json\/wp\/v2\/media?parent=3235"}],"wp:term":[{"taxonomy":"category","embeddable":true,"href":"https:\/\/wp.catedu.es\/convivencia\/wp-json\/wp\/v2\/categories?post=3235"},{"taxonomy":"post_tag","embeddable":true,"href":"https:\/\/wp.catedu.es\/convivencia\/wp-json\/wp\/v2\/tags?post=3235"}],"curies":[{"name":"wp","href":"https:\/\/api.w.org\/{rel}","templated":true}]}}