{"id":3241,"date":"2022-04-29T11:25:17","date_gmt":"2022-04-29T10:25:17","guid":{"rendered":"https:\/\/wp.catedu.es\/convivencia\/?p=3241"},"modified":"2022-05-06T09:44:50","modified_gmt":"2022-05-06T08:44:50","slug":"musiqueando-2022","status":"publish","type":"post","link":"https:\/\/wp.catedu.es\/convivencia\/musiqueando-2022\/","title":{"rendered":"Musiqueando 2022"},"content":{"rendered":"<p style=\"text-align: center\">Han sido numerosas las muestras que nos han llegado de esta fant\u00e1stica actividad de convivencia.<\/p>\n<p><img loading=\"lazy\" decoding=\"async\" class=\"wp-image-3243 size-full aligncenter\" src=\"http:\/\/wp.catedu.es\/convivencia\/wp-content\/uploads\/sites\/64\/2022\/04\/musiqueando.jpg\" alt=\"\" width=\"566\" height=\"801\" srcset=\"https:\/\/wp.catedu.es\/convivencia\/wp-content\/uploads\/sites\/64\/2022\/04\/musiqueando.jpg 566w, https:\/\/wp.catedu.es\/convivencia\/wp-content\/uploads\/sites\/64\/2022\/04\/musiqueando-212x300.jpg 212w\" sizes=\"auto, (max-width: 566px) 100vw, 566px\" \/><\/p>\n<p style=\"text-align: center\">El <strong>CEIP Palmireno de Alca\u00f1iz<\/strong> nos muestra en sus Redes Sociales su aportaci\u00f3n.<\/p>\n<p style=\"text-align: center\">&#8220;Hoy 28 de abril hemos tenido la jornada del Musiqueando, conciertos escolares en la calle. Han salido las voces, ukeleles y bailes del aula al p\u00fablico de la Avenida Arag\u00f3n. Adem\u00e1s se ha sorteado un ukelele donado por la tienda de m\u00fasica 44600. El dinero recogido, m\u00e1s de 400 euros ser\u00e1 destinado a los ni\u00f1os de Ucrania. <a class=\"oajrlxb2 g5ia77u1 qu0x051f esr5mh6w e9989ue4 r7d6kgcz rq0escxv nhd2j8a9 nc684nl6 p7hjln8o kvgmc6g5 cxmmr5t8 oygrvhab hcukyx3x jb3vyjys rz4wbd8a qt6c0cv9 a8nywdso i1ao9s8h esuyzwwr f1sip0of lzcic4wl gpro0wi8 oo9gr5id lrazzd5p\" role=\"link\" href=\"https:\/\/www.facebook.com\/hashtag\/musiqueando?__eep__=6&amp;__cft__[0]=AZVZ9g7gK0MNnXerVBtQgwBsX_-wkaelDGsq04iaY6dWoB6-f5UMqcWRTHEOWvdMbJLkzHtefejlB_ANFnddQsMxn4mVGjWswEquXLluAP5_UsFIseotkNfx5WbgNS84j8s&amp;__tn__=*NK*F\">#musiqueando<\/a>&#8220;<\/p>\n<p><img loading=\"lazy\" decoding=\"async\" class=\"wp-image-3245 size-large aligncenter\" src=\"http:\/\/wp.catedu.es\/convivencia\/wp-content\/uploads\/sites\/64\/2022\/04\/14-1024x1024.jpg\" alt=\"\" width=\"881\" height=\"881\" srcset=\"https:\/\/wp.catedu.es\/convivencia\/wp-content\/uploads\/sites\/64\/2022\/04\/14-1024x1024.jpg 1024w, https:\/\/wp.catedu.es\/convivencia\/wp-content\/uploads\/sites\/64\/2022\/04\/14-300x300.jpg 300w, https:\/\/wp.catedu.es\/convivencia\/wp-content\/uploads\/sites\/64\/2022\/04\/14-150x150.jpg 150w, https:\/\/wp.catedu.es\/convivencia\/wp-content\/uploads\/sites\/64\/2022\/04\/14-768x768.jpg 768w, https:\/\/wp.catedu.es\/convivencia\/wp-content\/uploads\/sites\/64\/2022\/04\/14-881x881.jpg 881w, https:\/\/wp.catedu.es\/convivencia\/wp-content\/uploads\/sites\/64\/2022\/04\/14.jpg 1080w\" sizes=\"auto, (max-width: 881px) 100vw, 881px\" \/><\/p>\n<hr \/>\n<p style=\"text-align: center\">Como viene siendo habitual el <strong>CEIP Juan Ram\u00f3n Alegre y el CEE Gloria Fuertes de Andorra<\/strong> han unido sus fuerzas para disfrutar juntos de este d\u00eda.<\/p>\n<p style=\"text-align: center\">&#8220;ESTA MA\u00d1ANA HEMOS CELEBRADO MUSIQUEANDO 2022 CON NUESTROS AMIGOS\/AS DEL COLEGIO JUAN RAM\u00d3N ALEGRE EN EL PATIO DEL RECREO.<\/p>\n<div dir=\"auto\" style=\"text-align: center\">ESTA CELEBRACI\u00d3N HA ESTADO COORDINADA POR LOS MAESTROS DE EDUCACI\u00d3N MUSICAL DE LOS DOS COLEGIOS: SUSANA Y ALFREDO.<\/div>\n<div dir=\"auto\" style=\"text-align: center\"><\/div>\n<div dir=\"auto\" style=\"text-align: center\">\u00a1NOS LOS HEMOS PASADO GENIAL!&#8221;<\/div>\n<p>&nbsp;<\/p>\n<p><img loading=\"lazy\" decoding=\"async\" class=\"wp-image-3246 size-large aligncenter\" src=\"http:\/\/wp.catedu.es\/convivencia\/wp-content\/uploads\/sites\/64\/2022\/04\/13-1024x768.jpg\" alt=\"\" width=\"881\" height=\"661\" srcset=\"https:\/\/wp.catedu.es\/convivencia\/wp-content\/uploads\/sites\/64\/2022\/04\/13-1024x768.jpg 1024w, https:\/\/wp.catedu.es\/convivencia\/wp-content\/uploads\/sites\/64\/2022\/04\/13-300x225.jpg 300w, https:\/\/wp.catedu.es\/convivencia\/wp-content\/uploads\/sites\/64\/2022\/04\/13-768x576.jpg 768w, https:\/\/wp.catedu.es\/convivencia\/wp-content\/uploads\/sites\/64\/2022\/04\/13-1536x1152.jpg 1536w, https:\/\/wp.catedu.es\/convivencia\/wp-content\/uploads\/sites\/64\/2022\/04\/13-881x661.jpg 881w, https:\/\/wp.catedu.es\/convivencia\/wp-content\/uploads\/sites\/64\/2022\/04\/13.jpg 1932w\" sizes=\"auto, (max-width: 881px) 100vw, 881px\" \/><\/p>\n","protected":false},"excerpt":{"rendered":"<p>Han sido numerosas las muestras que nos han llegado de esta fant\u00e1stica actividad de convivencia. El CEIP Palmireno de Alca\u00f1iz nos muestra en sus Redes Sociales su aportaci\u00f3n. &#8220;Hoy 28 de abril hemos tenido la jornada del Musiqueando, conciertos escolares en la calle. Han salido las voces, ukeleles y bailes del aula al p\u00fablico de &hellip; <\/p>\n<p><a class=\"more-link btn\" href=\"https:\/\/wp.catedu.es\/convivencia\/musiqueando-2022\/\">Seguir leyendo<\/a><\/p>\n","protected":false},"author":120,"featured_media":0,"comment_status":"closed","ping_status":"closed","sticky":false,"template":"","format":"standard","meta":{"footnotes":""},"categories":[15,9,4,3],"tags":[],"class_list":["post-3241","post","type-post","status-publish","format-standard","hentry","category-cohesion-grupal","category-ensenar-a-convivir","category-ensenar-a-ser-persona","category-identidad-personal-autoconcepto","item-wrap"],"_links":{"self":[{"href":"https:\/\/wp.catedu.es\/convivencia\/wp-json\/wp\/v2\/posts\/3241","targetHints":{"allow":["GET"]}}],"collection":[{"href":"https:\/\/wp.catedu.es\/convivencia\/wp-json\/wp\/v2\/posts"}],"about":[{"href":"https:\/\/wp.catedu.es\/convivencia\/wp-json\/wp\/v2\/types\/post"}],"author":[{"embeddable":true,"href":"https:\/\/wp.catedu.es\/convivencia\/wp-json\/wp\/v2\/users\/120"}],"replies":[{"embeddable":true,"href":"https:\/\/wp.catedu.es\/convivencia\/wp-json\/wp\/v2\/comments?post=3241"}],"version-history":[{"count":3,"href":"https:\/\/wp.catedu.es\/convivencia\/wp-json\/wp\/v2\/posts\/3241\/revisions"}],"predecessor-version":[{"id":3247,"href":"https:\/\/wp.catedu.es\/convivencia\/wp-json\/wp\/v2\/posts\/3241\/revisions\/3247"}],"wp:attachment":[{"href":"https:\/\/wp.catedu.es\/convivencia\/wp-json\/wp\/v2\/media?parent=3241"}],"wp:term":[{"taxonomy":"category","embeddable":true,"href":"https:\/\/wp.catedu.es\/convivencia\/wp-json\/wp\/v2\/categories?post=3241"},{"taxonomy":"post_tag","embeddable":true,"href":"https:\/\/wp.catedu.es\/convivencia\/wp-json\/wp\/v2\/tags?post=3241"}],"curies":[{"name":"wp","href":"https:\/\/api.w.org\/{rel}","templated":true}]}}