{"id":3295,"date":"2022-06-20T09:57:27","date_gmt":"2022-06-20T08:57:27","guid":{"rendered":"https:\/\/wp.catedu.es\/convivencia\/?p=3295"},"modified":"2022-06-20T10:30:19","modified_gmt":"2022-06-20T09:30:19","slug":"dia-del-refugiado","status":"publish","type":"post","link":"https:\/\/wp.catedu.es\/convivencia\/dia-del-refugiado\/","title":{"rendered":"D\u00eda del Refugiado"},"content":{"rendered":"<p style=\"text-align: center\">Nos llega desde uno de nuestros centros estas recomendaciones bibliogr\u00e1ficas que est\u00e1n trabajando.<\/p>\n<table style=\"border-collapse: collapse;width: 100%\">\n<tbody>\n<tr>\n<td style=\"width: 50%\"><img loading=\"lazy\" decoding=\"async\" class=\"wp-image-3296 size-full aligncenter\" src=\"http:\/\/wp.catedu.es\/convivencia\/wp-content\/uploads\/sites\/64\/2022\/06\/9788469866306-que-es-un-refugiado-album-ilustrado.jpg\" alt=\"\" width=\"200\" height=\"256\" \/><\/p>\n<p style=\"text-align: center\">\u00a0<b>&#8220;Me llamo Ayla. Tuve que irme de Siria por la guerra. Me gusta dibujar con mi hermana. Hacemos c\u00f3mics divertidos&#8221;<\/b><\/p>\n<p style=\"text-align: center\"><b>&#8220;Soy Majid. Vengo de Sud\u00e1n. Hab\u00eda lucha. Soy muy bueno jugando al f\u00fatbol. Podr\u00eda jugar todo el d\u00eda&#8221;.<\/b><\/p>\n<p style=\"text-align: center\"><b>&#8220;Me llamo Roseline. Mi familia es de Hait\u00ed. Mi abuela y dos de mis primos no pudieron venir con nosotros. \u00a1Los echo mucho de menos!&#8221;.<\/b><\/p>\n<\/td>\n<td style=\"width: 50%\"><img loading=\"lazy\" decoding=\"async\" class=\"wp-image-3297 aligncenter\" src=\"http:\/\/wp.catedu.es\/convivencia\/wp-content\/uploads\/sites\/64\/2022\/06\/9788469886090-ventanas-narrativa-juvenil-200x300.jpg\" alt=\"\" width=\"183\" height=\"275\" srcset=\"https:\/\/wp.catedu.es\/convivencia\/wp-content\/uploads\/sites\/64\/2022\/06\/9788469886090-ventanas-narrativa-juvenil-200x300.jpg 200w, https:\/\/wp.catedu.es\/convivencia\/wp-content\/uploads\/sites\/64\/2022\/06\/9788469886090-ventanas-narrativa-juvenil-683x1024.jpg 683w, https:\/\/wp.catedu.es\/convivencia\/wp-content\/uploads\/sites\/64\/2022\/06\/9788469886090-ventanas-narrativa-juvenil-768x1152.jpg 768w, https:\/\/wp.catedu.es\/convivencia\/wp-content\/uploads\/sites\/64\/2022\/06\/9788469886090-ventanas-narrativa-juvenil-881x1322.jpg 881w, https:\/\/wp.catedu.es\/convivencia\/wp-content\/uploads\/sites\/64\/2022\/06\/9788469886090-ventanas-narrativa-juvenil.jpg 1000w\" sizes=\"auto, (max-width: 183px) 100vw, 183px\" \/><\/p>\n<p style=\"text-align: center\"><b>Esta novela, basada en una an\u00e9cdota real, es una denuncia de la indefensi\u00f3n de la infancia en los conflictos armados y el drama que convierte a los ni\u00f1os en soldados.<\/b><\/p>\n<p><b>Finalista del XVIII Premio Anaya de Literatura Juvenil<\/b><\/td>\n<\/tr>\n<\/tbody>\n<\/table>\n<p style=\"text-align: center\">\n","protected":false},"excerpt":{"rendered":"<p>Nos llega desde uno de nuestros centros estas recomendaciones bibliogr\u00e1ficas que est\u00e1n trabajando. \u00a0&#8220;Me llamo Ayla. Tuve que irme de Siria por la guerra. Me gusta dibujar con mi hermana. Hacemos c\u00f3mics divertidos&#8221; &#8220;Soy Majid. Vengo de Sud\u00e1n. Hab\u00eda lucha. Soy muy bueno jugando al f\u00fatbol. Podr\u00eda jugar todo el d\u00eda&#8221;. &#8220;Me llamo Roseline. Mi &hellip; <\/p>\n<p><a class=\"more-link btn\" href=\"https:\/\/wp.catedu.es\/convivencia\/dia-del-refugiado\/\">Seguir leyendo<\/a><\/p>\n","protected":false},"author":120,"featured_media":0,"comment_status":"closed","ping_status":"closed","sticky":false,"template":"","format":"standard","meta":{"footnotes":""},"categories":[15,6,12,9,20,4,11,3,14,16,17],"tags":[],"class_list":["post-3295","post","type-post","status-publish","format-standard","hentry","category-cohesion-grupal","category-educacion-emocional","category-empatia","category-ensenar-a-convivir","category-ensenar-a-pensar","category-ensenar-a-ser-persona","category-habilidades-sociales","category-identidad-personal-autoconcepto","category-inclusion-e-interculturalidad","category-prevencion-y-deteccion-del-acoso-escolar","category-resolucion-de-conflictos","item-wrap"],"_links":{"self":[{"href":"https:\/\/wp.catedu.es\/convivencia\/wp-json\/wp\/v2\/posts\/3295","targetHints":{"allow":["GET"]}}],"collection":[{"href":"https:\/\/wp.catedu.es\/convivencia\/wp-json\/wp\/v2\/posts"}],"about":[{"href":"https:\/\/wp.catedu.es\/convivencia\/wp-json\/wp\/v2\/types\/post"}],"author":[{"embeddable":true,"href":"https:\/\/wp.catedu.es\/convivencia\/wp-json\/wp\/v2\/users\/120"}],"replies":[{"embeddable":true,"href":"https:\/\/wp.catedu.es\/convivencia\/wp-json\/wp\/v2\/comments?post=3295"}],"version-history":[{"count":1,"href":"https:\/\/wp.catedu.es\/convivencia\/wp-json\/wp\/v2\/posts\/3295\/revisions"}],"predecessor-version":[{"id":3298,"href":"https:\/\/wp.catedu.es\/convivencia\/wp-json\/wp\/v2\/posts\/3295\/revisions\/3298"}],"wp:attachment":[{"href":"https:\/\/wp.catedu.es\/convivencia\/wp-json\/wp\/v2\/media?parent=3295"}],"wp:term":[{"taxonomy":"category","embeddable":true,"href":"https:\/\/wp.catedu.es\/convivencia\/wp-json\/wp\/v2\/categories?post=3295"},{"taxonomy":"post_tag","embeddable":true,"href":"https:\/\/wp.catedu.es\/convivencia\/wp-json\/wp\/v2\/tags?post=3295"}],"curies":[{"name":"wp","href":"https:\/\/api.w.org\/{rel}","templated":true}]}}