{"id":3418,"date":"2023-02-03T12:35:27","date_gmt":"2023-02-03T11:35:27","guid":{"rendered":"https:\/\/wp.catedu.es\/convivencia\/?p=3418"},"modified":"2023-02-03T13:03:40","modified_gmt":"2023-02-03T12:03:40","slug":"semana-de-la-paz","status":"publish","type":"post","link":"https:\/\/wp.catedu.es\/convivencia\/semana-de-la-paz\/","title":{"rendered":"Semana de la Paz"},"content":{"rendered":"<p style=\"text-align: center\">Esta semana nos han llegado multitud de propuestas de celebraci\u00f3n. Desde propuestas multitudinarias con la Comunidad Educativa a actividades m\u00e1s sencillas de reflexi\u00f3n con nuestro alumnado.<\/p>\n<p style=\"text-align: center\">Os dejamos con esta imagen del CRA Cuna de Jiloca.<\/p>\n<p><img loading=\"lazy\" decoding=\"async\" class=\"aligncenter wp-image-3419\" src=\"http:\/\/wp.catedu.es\/convivencia\/wp-content\/uploads\/sites\/64\/2023\/02\/328114398_1960024957675763_4146440444229627578_n-300x225.jpg\" alt=\"\" width=\"800\" height=\"600\" srcset=\"https:\/\/wp.catedu.es\/convivencia\/wp-content\/uploads\/sites\/64\/2023\/02\/328114398_1960024957675763_4146440444229627578_n-300x225.jpg 300w, https:\/\/wp.catedu.es\/convivencia\/wp-content\/uploads\/sites\/64\/2023\/02\/328114398_1960024957675763_4146440444229627578_n-768x576.jpg 768w, https:\/\/wp.catedu.es\/convivencia\/wp-content\/uploads\/sites\/64\/2023\/02\/328114398_1960024957675763_4146440444229627578_n-881x661.jpg 881w, https:\/\/wp.catedu.es\/convivencia\/wp-content\/uploads\/sites\/64\/2023\/02\/328114398_1960024957675763_4146440444229627578_n.jpg 1024w\" sizes=\"auto, (max-width: 800px) 100vw, 800px\" \/><\/p>\n","protected":false},"excerpt":{"rendered":"<p>Esta semana nos han llegado multitud de propuestas de celebraci\u00f3n. Desde propuestas multitudinarias con la Comunidad Educativa a actividades m\u00e1s sencillas de reflexi\u00f3n con nuestro alumnado. Os dejamos con esta imagen del CRA Cuna de Jiloca.<\/p>\n","protected":false},"author":120,"featured_media":0,"comment_status":"closed","ping_status":"closed","sticky":false,"template":"","format":"standard","meta":{"footnotes":""},"categories":[15,6,12,9,20,4,10,11,3,42,14,18,16,17],"tags":[],"class_list":["post-3418","post","type-post","status-publish","format-standard","hentry","category-cohesion-grupal","category-educacion-emocional","category-empatia","category-ensenar-a-convivir","category-ensenar-a-pensar","category-ensenar-a-ser-persona","category-habilidades-de-comunicacion","category-habilidades-sociales","category-identidad-personal-autoconcepto","category-igualdad","category-inclusion-e-interculturalidad","category-mediacion","category-prevencion-y-deteccion-del-acoso-escolar","category-resolucion-de-conflictos","item-wrap"],"_links":{"self":[{"href":"https:\/\/wp.catedu.es\/convivencia\/wp-json\/wp\/v2\/posts\/3418","targetHints":{"allow":["GET"]}}],"collection":[{"href":"https:\/\/wp.catedu.es\/convivencia\/wp-json\/wp\/v2\/posts"}],"about":[{"href":"https:\/\/wp.catedu.es\/convivencia\/wp-json\/wp\/v2\/types\/post"}],"author":[{"embeddable":true,"href":"https:\/\/wp.catedu.es\/convivencia\/wp-json\/wp\/v2\/users\/120"}],"replies":[{"embeddable":true,"href":"https:\/\/wp.catedu.es\/convivencia\/wp-json\/wp\/v2\/comments?post=3418"}],"version-history":[{"count":2,"href":"https:\/\/wp.catedu.es\/convivencia\/wp-json\/wp\/v2\/posts\/3418\/revisions"}],"predecessor-version":[{"id":3422,"href":"https:\/\/wp.catedu.es\/convivencia\/wp-json\/wp\/v2\/posts\/3418\/revisions\/3422"}],"wp:attachment":[{"href":"https:\/\/wp.catedu.es\/convivencia\/wp-json\/wp\/v2\/media?parent=3418"}],"wp:term":[{"taxonomy":"category","embeddable":true,"href":"https:\/\/wp.catedu.es\/convivencia\/wp-json\/wp\/v2\/categories?post=3418"},{"taxonomy":"post_tag","embeddable":true,"href":"https:\/\/wp.catedu.es\/convivencia\/wp-json\/wp\/v2\/tags?post=3418"}],"curies":[{"name":"wp","href":"https:\/\/api.w.org\/{rel}","templated":true}]}}