{"id":206,"date":"2012-05-23T16:01:30","date_gmt":"2012-05-23T16:01:30","guid":{"rendered":"http:\/\/ieselaza.educa.aragon.es\/laberintos\/?p=206"},"modified":"2017-03-13T18:40:27","modified_gmt":"2017-03-13T18:40:27","slug":"gervasio-sanchez-comentado-5","status":"publish","type":"post","link":"https:\/\/wp.catedu.es\/dovela1\/gervasio-sanchez-comentado-5\/","title":{"rendered":"Gervasio Sanchez comentado."},"content":{"rendered":"<p>El fot\u00f3grafo y periodista Gervasio S\u00e1nchez invit\u00f3 a Sandra Mill\u00e1n, alumna de 4\u00ba de ESO del IES \u00c9laios a comentar una fotograf\u00eda suya , actividad a la que fueron invitados escritores, fot\u00f3grafos, directores de cine tan conocidos como Elvira Lindo, Juan Jos\u00e9 Mill\u00e1s, Juan Goytisolo, Cristina Garc\u00eda Rodero, Montxo Armend\u00e1riz etc. Dichos comentarios aparecieron publicados en el Pa\u00eds digital. (<a href=\"http:\/\/cultura.elpais.com\/cultura\/2012\/03\/06\/album\/1331031560_816078.html#1331031560_816078_1331031784\">El Pa\u00eds, 7 de Marzo de 2012<\/a>).<br \/>\nLa fotograf\u00eda comentada por Sandra , realizada en 1994 en el orfanato de Goma (Rep\u00fablica Democr\u00e1tica del Congo) nos muestra a unas ni\u00f1as afectadas por una epidemia de c\u00f3lera agonizando. Su comentario fue el siguiente:<\/p>\n<p><em><img loading=\"lazy\" decoding=\"async\" class=\"size-medium wp-image-524 alignleft\" src=\"http:\/\/wp.catedu.es\/dovela1\/wp-content\/uploads\/sites\/78\/2012\/05\/nic3b1as-afectadas-epidemia33-300x195.jpg\" alt=\"nic3b1as-afectadas-epidemia33\" width=\"300\" height=\"195\" srcset=\"https:\/\/wp.catedu.es\/dovela1\/wp-content\/uploads\/sites\/78\/2012\/05\/nic3b1as-afectadas-epidemia33.jpg 300w, https:\/\/wp.catedu.es\/dovela1\/wp-content\/uploads\/sites\/78\/2012\/05\/nic3b1as-afectadas-epidemia33-200x130.jpg 200w\" sizes=\"auto, (max-width: 300px) 100vw, 300px\" \/>\u201cSoledad, tristeza e impotencia. Tres sentimientos que aparecen al un\u00edsono en mi coraz\u00f3n al ver la imagen. Las ni\u00f1as se encuentran hacinadas, juntas y a la vez solas, porque llevan su dolor sin que nadie les de un apoyo, un aliento de vida en esos cuerpos demacrados. Cierro los ojos. Imagino la imagen que me gustar\u00eda ver a continuaci\u00f3n. Una persona se les acerca, se sienta a su lado y empieza a entonar la m\u00e1s bella melod\u00eda. Ellas cierran los ojos y esbozan una leve sonrisa en sus peque\u00f1os labios. Ya no est\u00e1n solas. Esperanza.\u201c<\/em><\/p>\n","protected":false},"excerpt":{"rendered":"<p>El fot\u00f3grafo y periodista Gervasio S\u00e1nchez invit\u00f3 a Sandra Mill\u00e1n, alumna de 4\u00ba de ESO del IES \u00c9laios a comentar una fotograf\u00eda suya , actividad a la que fueron invitados escritores, fot\u00f3grafos, directores de cine tan conocidos como Elvira Lindo,&hellip;<\/p>\n<p class=\"more-link-p\"><a class=\"more-link\" href=\"https:\/\/wp.catedu.es\/dovela1\/gervasio-sanchez-comentado-5\/\">Read more &rarr;<\/a><\/p>\n","protected":false},"author":144,"featured_media":524,"comment_status":"closed","ping_status":"closed","sticky":false,"template":"","format":"standard","meta":{"footnotes":""},"categories":[9,2],"tags":[20],"class_list":["post-206","post","type-post","status-publish","format-standard","has-post-thumbnail","hentry","category-analisis-de-imagenes","category-dovela-1","tag-gervasio-sanchez"],"_links":{"self":[{"href":"https:\/\/wp.catedu.es\/dovela1\/wp-json\/wp\/v2\/posts\/206","targetHints":{"allow":["GET"]}}],"collection":[{"href":"https:\/\/wp.catedu.es\/dovela1\/wp-json\/wp\/v2\/posts"}],"about":[{"href":"https:\/\/wp.catedu.es\/dovela1\/wp-json\/wp\/v2\/types\/post"}],"author":[{"embeddable":true,"href":"https:\/\/wp.catedu.es\/dovela1\/wp-json\/wp\/v2\/users\/144"}],"replies":[{"embeddable":true,"href":"https:\/\/wp.catedu.es\/dovela1\/wp-json\/wp\/v2\/comments?post=206"}],"version-history":[{"count":2,"href":"https:\/\/wp.catedu.es\/dovela1\/wp-json\/wp\/v2\/posts\/206\/revisions"}],"predecessor-version":[{"id":525,"href":"https:\/\/wp.catedu.es\/dovela1\/wp-json\/wp\/v2\/posts\/206\/revisions\/525"}],"wp:featuredmedia":[{"embeddable":true,"href":"https:\/\/wp.catedu.es\/dovela1\/wp-json\/wp\/v2\/media\/524"}],"wp:attachment":[{"href":"https:\/\/wp.catedu.es\/dovela1\/wp-json\/wp\/v2\/media?parent=206"}],"wp:term":[{"taxonomy":"category","embeddable":true,"href":"https:\/\/wp.catedu.es\/dovela1\/wp-json\/wp\/v2\/categories?post=206"},{"taxonomy":"post_tag","embeddable":true,"href":"https:\/\/wp.catedu.es\/dovela1\/wp-json\/wp\/v2\/tags?post=206"}],"curies":[{"name":"wp","href":"https:\/\/api.w.org\/{rel}","templated":true}]}}