{"id":267,"date":"2013-06-07T22:42:08","date_gmt":"2013-06-07T21:42:08","guid":{"rendered":"http:\/\/ieselaza.educa.aragon.es\/laberintos2\/?p=267"},"modified":"2017-02-20T10:36:40","modified_gmt":"2017-02-20T10:36:40","slug":"estonoesunsolar","status":"publish","type":"post","link":"https:\/\/wp.catedu.es\/dovela2\/estonoesunsolar\/","title":{"rendered":"estonoesunsolar"},"content":{"rendered":"<p><a href=\"http:\/\/wp.catedu.es\/dovela2\/wp-content\/uploads\/sites\/74\/2013\/06\/solar-Zaragoza.jpg\"><img loading=\"lazy\" decoding=\"async\" class=\"aligncenter size-full wp-image-343\" title=\"solar Zaragoza\" src=\"http:\/\/wp.catedu.es\/dovela2\/wp-content\/uploads\/sites\/74\/2013\/06\/solar-Zaragoza.jpg\" alt=\"\" width=\"510\" height=\"582\" srcset=\"https:\/\/wp.catedu.es\/dovela2\/wp-content\/uploads\/sites\/74\/2013\/06\/solar-Zaragoza.jpg 510w, https:\/\/wp.catedu.es\/dovela2\/wp-content\/uploads\/sites\/74\/2013\/06\/solar-Zaragoza-263x300.jpg 263w\" sizes=\"auto, (max-width: 510px) 100vw, 510px\" \/><\/a><br \/>\nEsto no es un solar es una iniciativa promovida por la Sociedad Municipal Zaragoza Vivienda y conducida por los arquitectos Patrizia di Monte y Ignacio Gr\u00e1valos que surge como respuesta a una serie de demandas ciudadanas y cumple con un doble objetivo: por un lado el de dar un uso p\u00fablico temporal a solares vac\u00edos y degradados de la capital aragonesa (siempre que los propietarios lo permitan), y por otro generar empleo entre parados de larga duraci\u00f3n.<\/p>\n<p>La iniciativa, que da soluci\u00f3n a un problema actual que afecta a muchas ciudades, ha tenido muy buena acogida entre los vecinos. Estos espacios se est\u00e1n acondicionando para uso deportivo, l\u00fadico, infantil, recreativo, educativo, etc. y son de libre acceso, gratis y para todos los p\u00fablicos, de manera que sus \u00fanicas obligaciones son las de disfrutarlos y cuidarlos. Un grupo de alumnos de Historia del Arte se han interesado por esta iniciativa y han realizado un breve informe.<\/p>\n<p style=\"text-align: center;\">\n<iframe loading=\"lazy\" style=\"width: 525px; height: 371px;\" src=\"\/\/e.issuu.com\/embed.html#4928152\/3135829\" width=\"300\" height=\"150\" frameborder=\"0\" allowfullscreen=\"allowfullscreen\"><\/iframe><\/p>\n","protected":false},"excerpt":{"rendered":"<p>Esto no es un solar es una iniciativa promovida por la Sociedad Municipal Zaragoza Vivienda y conducida por los arquitectos Patrizia di Monte y Ignacio Gr\u00e1valos que surge como respuesta a una serie de demandas ciudadanas y cumple con un&hellip;<\/p>\n<p class=\"more-link-p\"><a class=\"more-link\" href=\"https:\/\/wp.catedu.es\/dovela2\/estonoesunsolar\/\">Read more &rarr;<\/a><\/p>\n","protected":false},"author":136,"featured_media":343,"comment_status":"closed","ping_status":"closed","sticky":false,"template":"","format":"standard","meta":{"footnotes":""},"categories":[3,11],"tags":[30],"class_list":["post-267","post","type-post","status-publish","format-standard","has-post-thumbnail","hentry","category-dovela-2","category-zaragoza","tag-urbanismo"],"_links":{"self":[{"href":"https:\/\/wp.catedu.es\/dovela2\/wp-json\/wp\/v2\/posts\/267","targetHints":{"allow":["GET"]}}],"collection":[{"href":"https:\/\/wp.catedu.es\/dovela2\/wp-json\/wp\/v2\/posts"}],"about":[{"href":"https:\/\/wp.catedu.es\/dovela2\/wp-json\/wp\/v2\/types\/post"}],"author":[{"embeddable":true,"href":"https:\/\/wp.catedu.es\/dovela2\/wp-json\/wp\/v2\/users\/136"}],"replies":[{"embeddable":true,"href":"https:\/\/wp.catedu.es\/dovela2\/wp-json\/wp\/v2\/comments?post=267"}],"version-history":[{"count":3,"href":"https:\/\/wp.catedu.es\/dovela2\/wp-json\/wp\/v2\/posts\/267\/revisions"}],"predecessor-version":[{"id":517,"href":"https:\/\/wp.catedu.es\/dovela2\/wp-json\/wp\/v2\/posts\/267\/revisions\/517"}],"wp:featuredmedia":[{"embeddable":true,"href":"https:\/\/wp.catedu.es\/dovela2\/wp-json\/wp\/v2\/media\/343"}],"wp:attachment":[{"href":"https:\/\/wp.catedu.es\/dovela2\/wp-json\/wp\/v2\/media?parent=267"}],"wp:term":[{"taxonomy":"category","embeddable":true,"href":"https:\/\/wp.catedu.es\/dovela2\/wp-json\/wp\/v2\/categories?post=267"},{"taxonomy":"post_tag","embeddable":true,"href":"https:\/\/wp.catedu.es\/dovela2\/wp-json\/wp\/v2\/tags?post=267"}],"curies":[{"name":"wp","href":"https:\/\/api.w.org\/{rel}","templated":true}]}}