{"id":356,"date":"2013-06-25T19:02:08","date_gmt":"2013-06-25T18:02:08","guid":{"rendered":"http:\/\/ieselaza.educa.aragon.es\/laberintos2\/?p=356"},"modified":"2017-02-20T10:36:39","modified_gmt":"2017-02-20T10:36:39","slug":"si-esto-es-un-hombre-y-iv-comparacion-y-valoracion-de-la-obra","status":"publish","type":"post","link":"https:\/\/wp.catedu.es\/dovela2\/si-esto-es-un-hombre-y-iv-comparacion-y-valoracion-de-la-obra\/","title":{"rendered":"Si esto es un hombre ( y IV): Comparaci\u00f3n y valoraci\u00f3n de la obra"},"content":{"rendered":"<p><a href=\"http:\/\/wp.catedu.es\/dovela2\/wp-content\/uploads\/sites\/74\/2013\/06\/lA-ZONA-GRIS.jpg\"><img loading=\"lazy\" decoding=\"async\" class=\"aligncenter size-full wp-image-360\" title=\"lA ZONA GRIS\" src=\"http:\/\/wp.catedu.es\/dovela2\/wp-content\/uploads\/sites\/74\/2013\/06\/lA-ZONA-GRIS.jpg\" alt=\"\" width=\"275\" height=\"400\" srcset=\"https:\/\/wp.catedu.es\/dovela2\/wp-content\/uploads\/sites\/74\/2013\/06\/lA-ZONA-GRIS.jpg 275w, https:\/\/wp.catedu.es\/dovela2\/wp-content\/uploads\/sites\/74\/2013\/06\/lA-ZONA-GRIS-206x300.jpg 206w\" sizes=\"auto, (max-width: 275px) 100vw, 275px\" \/><\/a><\/p>\n<div>La \u00faltima parte del trabajo consist\u00eda en una doble tarea.<\/div>\n<div>Por un lado se trataba de comparar <em>Si esto es un hombre<\/em> con la pel\u00edcula <em>La zona gris<\/em>. B\u00e1sicamente se trataba de responder a las siguientes cuestiones:<\/div>\n<div>\n<ul>\n<li>\u00bfQu\u00e9 aspectos de la pel\u00edcula \u2013 temas- aparecen recogidos en la obra de Primo Levi? \u00bfD\u00f3nde?<\/li>\n<li>\u00a0\u00bfQu\u00e9 diferencias encuentras en la manera de abordar el tema de los campos de exterminio nazis entre la pel\u00edcula y el libro? ( comparaci\u00f3n entre los lenguajes escrito y audiovisual, el narrador, emotividad, crudeza, historias narradas, personajes, etc.)<\/li>\n<\/ul>\n<\/div>\n<div>Por otro lado, ten\u00edan que hacer una valoraci\u00f3n personal, pero argumentada, del trabajo realizado. Las preguntas a las que deb\u00edan responder eran las siguientes:<\/div>\n<div>\n<ul>\n<ul>\n<li>Se\u00f1alar y comentar , al menos 3, las razones por las que recomendar\u00edas la lectura\u00a0 una persona de tu edad.<\/li>\n<li>Imag\u00ednate que Primo Levi hubiera venido al instituto para hablar de su libro. Escribe, al menos, tres preguntas que te hubiera gustado hacerle ( ser\u00eda conveniente que explicaras \u00a0la pregunta, es decir que se entienda el prop\u00f3sito de tu pregunta)<\/li>\n<li>\u00a0Opini\u00f3n personal, argumentada, sobre qu\u00e9 te ha parecido el libro.<\/li>\n<\/ul>\n<\/ul>\n<p>&nbsp;<\/p>\n<div class=\"issuuembed\" style=\"width: 525px; height: 371px;\" data-configid=\"4928152\/3739748\"><\/div>\n<p><script src=\"\/\/e.issuu.com\/embed.js\" async=\"true\" type=\"text\/javascript\"><\/script><\/p>\n<\/div>\n","protected":false},"excerpt":{"rendered":"<p>La \u00faltima parte del trabajo consist\u00eda en una doble tarea. Por un lado se trataba de comparar Si esto es un hombre con la pel\u00edcula La zona gris. B\u00e1sicamente se trataba de responder a las siguientes cuestiones: \u00bfQu\u00e9 aspectos de&hellip;<\/p>\n<p class=\"more-link-p\"><a class=\"more-link\" href=\"https:\/\/wp.catedu.es\/dovela2\/si-esto-es-un-hombre-y-iv-comparacion-y-valoracion-de-la-obra\/\">Read more &rarr;<\/a><\/p>\n","protected":false},"author":136,"featured_media":360,"comment_status":"closed","ping_status":"closed","sticky":false,"template":"","format":"standard","meta":{"footnotes":""},"categories":[2,3,5],"tags":[26],"class_list":["post-356","post","type-post","status-publish","format-standard","has-post-thumbnail","hentry","category-analisis-de-imagenes","category-dovela-2","category-fomento-de-la-lectura","tag-primo-levi"],"_links":{"self":[{"href":"https:\/\/wp.catedu.es\/dovela2\/wp-json\/wp\/v2\/posts\/356","targetHints":{"allow":["GET"]}}],"collection":[{"href":"https:\/\/wp.catedu.es\/dovela2\/wp-json\/wp\/v2\/posts"}],"about":[{"href":"https:\/\/wp.catedu.es\/dovela2\/wp-json\/wp\/v2\/types\/post"}],"author":[{"embeddable":true,"href":"https:\/\/wp.catedu.es\/dovela2\/wp-json\/wp\/v2\/users\/136"}],"replies":[{"embeddable":true,"href":"https:\/\/wp.catedu.es\/dovela2\/wp-json\/wp\/v2\/comments?post=356"}],"version-history":[{"count":21,"href":"https:\/\/wp.catedu.es\/dovela2\/wp-json\/wp\/v2\/posts\/356\/revisions"}],"predecessor-version":[{"id":506,"href":"https:\/\/wp.catedu.es\/dovela2\/wp-json\/wp\/v2\/posts\/356\/revisions\/506"}],"wp:featuredmedia":[{"embeddable":true,"href":"https:\/\/wp.catedu.es\/dovela2\/wp-json\/wp\/v2\/media\/360"}],"wp:attachment":[{"href":"https:\/\/wp.catedu.es\/dovela2\/wp-json\/wp\/v2\/media?parent=356"}],"wp:term":[{"taxonomy":"category","embeddable":true,"href":"https:\/\/wp.catedu.es\/dovela2\/wp-json\/wp\/v2\/categories?post=356"},{"taxonomy":"post_tag","embeddable":true,"href":"https:\/\/wp.catedu.es\/dovela2\/wp-json\/wp\/v2\/tags?post=356"}],"curies":[{"name":"wp","href":"https:\/\/api.w.org\/{rel}","templated":true}]}}