{"id":185,"date":"2014-03-12T09:34:55","date_gmt":"2014-03-12T09:34:55","guid":{"rendered":"http:\/\/ieselaza.educa.aragon.es\/laberintos3\/?p=185"},"modified":"2017-03-31T22:49:12","modified_gmt":"2017-03-31T22:49:12","slug":"diseno-de-carteles-para-la-exposicion-mauthausen-2010","status":"publish","type":"post","link":"https:\/\/wp.catedu.es\/dovela3\/diseno-de-carteles-para-la-exposicion-mauthausen-2010\/","title":{"rendered":"Dise\u00f1o de carteles para la exposici\u00f3n Mauthausen 2010"},"content":{"rendered":"<p><strong>PENSAR EN LOS OTROS, trabajo de los alumnos de Pl\u00e1stica de 4\u00ba ESO.<\/strong><\/p>\n<p>El dise\u00f1o gr\u00e1fico que tanto se emplea al servicio de la publicidad y la propaganda<br \/>\nnos ha servido para presentar una historia que nosotros no hemos vivido.<br \/>\nSiempre es dif\u00edcil hablar en nombre de otros y mucho m\u00e1s al describir su dolor. Para poder dise\u00f1ar los carteles que anuncien esta exposici\u00f3n hemos rastreado en las huellas de quienes hicieron un viaje al campo de Mauthausen en 2010, pero tambi\u00e9n de quienes sobrevivieron a sus horrores entre 1942 y 1944.<\/p>\n<p>Con diecis\u00e9is a\u00f1os no es f\u00e1cil hablar del tiempo y de la experiencia ya que casi no hemos acumulado ambos en nosotros mismos . Tampoco es sencillo conocer y empatizar con el p\u00fablico al que nos dirigimos. Por eso cada cartel ha intentado ser llamativo, serio y respetuoso sin caer en sensacionalismos o simplicidades. Nos hemos organizado en grupos de dos o tres personas para comenzar identificando las palabras clave que definir\u00e1n las ideas a trabajar: <em>dolor, esperanza, viaje, recuerdo, miedo, testimonio y respeto<\/em>. Luego hemos visto ejemplos de mensajes similares en torno al holocausto y por \u00faltimo hemos articulado los trabajos en tornoa la idea del viaje, un viaje en tren por el tiempo, los pa\u00edses, los conflictos y por las entra\u00f1as del ser humano.<\/p>\n<div class=\"issuuembed\" style=\"width: 525px; height: 371px;\" data-configid=\"0\/7062084\"><\/div>\n<p><script src=\"\/\/e.issuu.com\/embed.js\" async=\"true\" type=\"text\/javascript\"><\/script><\/p>\n<\/div>\n","protected":false},"excerpt":{"rendered":"<p>PENSAR EN LOS OTROS, trabajo de los alumnos de Pl\u00e1stica de 4\u00ba ESO. El dise\u00f1o gr\u00e1fico que tanto se emplea al servicio de la publicidad y la propaganda nos ha servido para presentar una historia que nosotros no hemos vivido.&hellip;<\/p>\n<p class=\"more-link-p\"><a class=\"more-link\" href=\"https:\/\/wp.catedu.es\/dovela3\/diseno-de-carteles-para-la-exposicion-mauthausen-2010\/\">Read more &rarr;<\/a><\/p>\n","protected":false},"author":151,"featured_media":0,"comment_status":"closed","ping_status":"closed","sticky":false,"template":"","format":"standard","meta":{"footnotes":""},"categories":[2,3,4],"tags":[13],"class_list":["post-185","post","type-post","status-publish","format-standard","hentry","category-analisis-de-imagen","category-dovela-3","category-exposiciones-y-visitas","tag-diseno-de-carteles"],"_links":{"self":[{"href":"https:\/\/wp.catedu.es\/dovela3\/wp-json\/wp\/v2\/posts\/185","targetHints":{"allow":["GET"]}}],"collection":[{"href":"https:\/\/wp.catedu.es\/dovela3\/wp-json\/wp\/v2\/posts"}],"about":[{"href":"https:\/\/wp.catedu.es\/dovela3\/wp-json\/wp\/v2\/types\/post"}],"author":[{"embeddable":true,"href":"https:\/\/wp.catedu.es\/dovela3\/wp-json\/wp\/v2\/users\/151"}],"replies":[{"embeddable":true,"href":"https:\/\/wp.catedu.es\/dovela3\/wp-json\/wp\/v2\/comments?post=185"}],"version-history":[{"count":2,"href":"https:\/\/wp.catedu.es\/dovela3\/wp-json\/wp\/v2\/posts\/185\/revisions"}],"predecessor-version":[{"id":356,"href":"https:\/\/wp.catedu.es\/dovela3\/wp-json\/wp\/v2\/posts\/185\/revisions\/356"}],"wp:attachment":[{"href":"https:\/\/wp.catedu.es\/dovela3\/wp-json\/wp\/v2\/media?parent=185"}],"wp:term":[{"taxonomy":"category","embeddable":true,"href":"https:\/\/wp.catedu.es\/dovela3\/wp-json\/wp\/v2\/categories?post=185"},{"taxonomy":"post_tag","embeddable":true,"href":"https:\/\/wp.catedu.es\/dovela3\/wp-json\/wp\/v2\/tags?post=185"}],"curies":[{"name":"wp","href":"https:\/\/api.w.org\/{rel}","templated":true}]}}