{"id":479,"date":"2020-04-15T07:46:44","date_gmt":"2020-04-15T06:46:44","guid":{"rendered":"http:\/\/wp.catedu.es\/escuelaruralencasa\/?p=479"},"modified":"2020-04-15T15:36:24","modified_gmt":"2020-04-15T14:36:24","slug":"la-importancia-de-lo-emocional","status":"publish","type":"post","link":"https:\/\/wp.catedu.es\/escuelaruralencasa\/la-importancia-de-lo-emocional\/","title":{"rendered":"Educaci\u00f3n emocional"},"content":{"rendered":"<p>En Centro de Profesorado \u00c1ngel Sanz Briz ha creado un espacio de acompa\u00f1amiento profesional y humano del docente en el blog <a href=\"https:\/\/cuidadodeldocente.wordpress.com\/2020\/04\/14\/la-mirada-docente-2\/\" target=\"_blank\" rel=\"noopener noreferrer\">cuidado del docente<\/a>. En una de sus entradas, Alberto Toro, desde el colegio de Pitarque, reflexiona sobre la importancia de lo emocional en el trabajo docente en d\u00edas de confinamiento.<\/p>\n<p><iframe loading=\"lazy\" title=\"Alberto Toro, sobre la comunicaci\u00f3n con el alumnado durante el confinamiento\" width=\"710\" height=\"533\" src=\"https:\/\/www.youtube.com\/embed\/zH05rJO5s8A?feature=oembed\" frameborder=\"0\" allow=\"accelerometer; autoplay; encrypted-media; gyroscope; picture-in-picture\" allowfullscreen><\/iframe><\/p>\n<p>&nbsp;<\/p>\n","protected":false},"excerpt":{"rendered":"<p>En Centro de Profesorado \u00c1ngel Sanz Briz ha creado un espacio de acompa\u00f1amiento profesional y humano del docente en el blog cuidado del docente. En una de sus entradas, Alberto Toro, desde el colegio de Pitarque, reflexiona sobre la importancia<\/p>\n","protected":false},"author":264,"featured_media":0,"comment_status":"closed","ping_status":"closed","sticky":false,"template":"","format":"standard","meta":{"footnotes":""},"categories":[68],"tags":[98,17,5,49],"class_list":["post-479","post","type-post","status-publish","format-standard","hentry","category-reflexiones","tag-emociones","tag-organizacion","tag-retos","tag-tareas"],"_links":{"self":[{"href":"https:\/\/wp.catedu.es\/escuelaruralencasa\/wp-json\/wp\/v2\/posts\/479","targetHints":{"allow":["GET"]}}],"collection":[{"href":"https:\/\/wp.catedu.es\/escuelaruralencasa\/wp-json\/wp\/v2\/posts"}],"about":[{"href":"https:\/\/wp.catedu.es\/escuelaruralencasa\/wp-json\/wp\/v2\/types\/post"}],"author":[{"embeddable":true,"href":"https:\/\/wp.catedu.es\/escuelaruralencasa\/wp-json\/wp\/v2\/users\/264"}],"replies":[{"embeddable":true,"href":"https:\/\/wp.catedu.es\/escuelaruralencasa\/wp-json\/wp\/v2\/comments?post=479"}],"version-history":[{"count":2,"href":"https:\/\/wp.catedu.es\/escuelaruralencasa\/wp-json\/wp\/v2\/posts\/479\/revisions"}],"predecessor-version":[{"id":501,"href":"https:\/\/wp.catedu.es\/escuelaruralencasa\/wp-json\/wp\/v2\/posts\/479\/revisions\/501"}],"wp:attachment":[{"href":"https:\/\/wp.catedu.es\/escuelaruralencasa\/wp-json\/wp\/v2\/media?parent=479"}],"wp:term":[{"taxonomy":"category","embeddable":true,"href":"https:\/\/wp.catedu.es\/escuelaruralencasa\/wp-json\/wp\/v2\/categories?post=479"},{"taxonomy":"post_tag","embeddable":true,"href":"https:\/\/wp.catedu.es\/escuelaruralencasa\/wp-json\/wp\/v2\/tags?post=479"}],"curies":[{"name":"wp","href":"https:\/\/api.w.org\/{rel}","templated":true}]}}