{"id":198,"date":"2026-04-20T14:08:45","date_gmt":"2026-04-20T13:08:45","guid":{"rendered":"http:\/\/wp.catedu.es\/inspeccioneducacionteruel\/?p=198"},"modified":"2026-04-20T14:08:46","modified_gmt":"2026-04-20T13:08:46","slug":"escolarizacion-infantil-y-primaria","status":"publish","type":"post","link":"https:\/\/wp.catedu.es\/inspeccioneducacionteruel\/escolarizacion-infantil-y-primaria\/","title":{"rendered":"Escolarizaci\u00f3n Infantil, Primaria, Secundaria y Bachillerato"},"content":{"rendered":"<p><img loading=\"lazy\" decoding=\"async\" class=\"alignnone size-full wp-image-1013\" src=\"http:\/\/wp.catedu.es\/inspeccioneducacionteruel\/wp-content\/uploads\/sites\/108\/2023\/03\/escolarizacion-INF-PRI.jpg\" alt=\"\" width=\"279\" height=\"180\" \/><\/p>\n<p>La <span id=\"page1310R_mcid6\" class=\"markedContent\"><span dir=\"ltr\" role=\"presentation\"><a href=\"https:\/\/educa.aragon.es\/documents\/20126\/6330480\/2026-03-24+Orden+Escolarizaci%C3%B3n20260423_BOA.pdf\/328ef0d3-7699-940d-ee29-2a477eebc0a9?t=1774337403826\"> ORDEN ECD\/471\/2026, de 13 de marzo<\/a> (BOA, 24\/03\/2026) <\/span><\/span>regula el proceso de escolarizaci\u00f3n en las etapas de Educaci\u00f3n Infantil, Educaci\u00f3n Primaria, Educaci\u00f3n Especial, Educaci\u00f3n Secundaria Obligatoria y Bachillerato.<\/p>\n<p>Para su ordenaci\u00f3n, en la provincia de Teruel se han constituido tres Comisiones de Escolarizaci\u00f3n: Teruel (presidida por la inspectora Isabel Fons Piera, <a href=\"mailto:ifons@aragon.es\">ifons@aragon.es<\/a>), Andorra (presidida por la inspectora Milagros Mateo Catal\u00e1n, <a href=\"mailto:mmateo@aragon.es\">mmateo@aragon.es<\/a>) y Alca\u00f1iz (presidida por el inspector Andr\u00e9s Calvo P\u00e9rez, <a href=\"mailto:acalvoper@aragon.es\">acalvoper@aragon.es<\/a>).<\/p>\n<p>Adem\u00e1s, contamos el apoyo de la Oficina de Escolarizaci\u00f3n. Dirigida por Jorge Jim\u00e9nez Garc\u00eda, est\u00e1 ubicada en el Servicio Provincial de Educaci\u00f3n, Cultura y Deporte, calle San Vicente Paul, 3, y atender\u00e1 al p\u00fablico durante todo el proceso de escolarizaci\u00f3n en horario de 9:00 a 14:00 horas, de lunes a viernes (para solicitar cita previa, dirigir la petici\u00f3n al correo <a href=\"mailto:girteruel@aragon.es\">girteruel@aragon.es<\/a>).<\/p>\n<p><strong>En Educaci\u00f3n Infantil, Educaci\u00f3n Primaria, Educaci\u00f3n Especial y Educaci\u00f3n Secundaria Obligatoria, el periodo de presentaci\u00f3n de solicitudes se extiende entre el jueves 16 de abril y el mi\u00e9rcoles 22 de abril, ambos incluidos<\/strong>. El calendario completo puede consultarse en el siguiente <a href=\"https:\/\/educa.aragon.es\/documents\/20126\/6330480\/2026-03-24+Anexo+II+a%29+calendario+EI+PRI+ESO.pdf\/cd0552fa-c6e0-5539-a0c0-8f16a45f5674?t=1774337403298\">enlace<\/a>. Y, adem\u00e1s, puedes descargar el <a href=\"https:\/\/educa.aragon.es\/documents\/20126\/6330480\/2026-03-24+Folleto+Escolarizaci%C3%B3n+26-27.pdf\/65842896-0b41-d2bb-6cc4-b590b14b9742?t=1774340575899\">folleto de escolarizaci\u00f3n del curso 2026-27<\/a>.<\/p>\n<p><strong>En Bachillerato, el periodo de presentaci\u00f3n de solicitudes se extiende entre el jueves 2 de julio y el martes 7 de julio, ambos incluidos<\/strong>.<\/p>\n<p>El Departamento de Educaci\u00f3n, Cultura y Deporte del Gobierno de Arag\u00f3n ha publicado en su p\u00e1gina web informaci\u00f3n complementaria sobre el proceso de escolarizaci\u00f3n, procedimiento electr\u00f3nico de petici\u00f3n de solicitudes, documentaci\u00f3n a aportar, plazos, etc. Pincha en el siguiente <a href=\"https:\/\/educa.aragon.es\/-\/escolarizacioneiepeeyeso\">enlace<\/a>.<\/p>\n\n\n<p><\/p>\n\n\n\n<div class=\"twitter-share\"><a href=\"https:\/\/twitter.com\/intent\/tweet?via=eduinsteruel\" class=\"twitter-share-button\" data-size=\"large\">Twittear<\/a><\/div>\n","protected":false},"excerpt":{"rendered":"<p>La ORDEN ECD\/471\/2026, de 13 de marzo (BOA, 24\/03\/2026) regula el proceso de escolarizaci\u00f3n en las etapas de Educaci\u00f3n Infantil, Educaci\u00f3n Primaria, Educaci\u00f3n Especial, Educaci\u00f3n Secundaria Obligatoria y Bachillerato. Para su ordenaci\u00f3n, en la provincia de Teruel se han constituido tres Comisiones de Escolarizaci\u00f3n: Teruel (presidida por la inspectora Isabel Fons Piera, ifons@aragon.es), Andorra (presidida&#8230;<\/p>\n","protected":false},"author":200,"featured_media":0,"comment_status":"closed","ping_status":"closed","sticky":false,"template":"","format":"standard","meta":{"_s2mail":"yes","footnotes":""},"categories":[9],"tags":[],"class_list":["post-198","post","type-post","status-publish","format-standard","hentry","category-escolarizacion"],"_links":{"self":[{"href":"https:\/\/wp.catedu.es\/inspeccioneducacionteruel\/wp-json\/wp\/v2\/posts\/198","targetHints":{"allow":["GET"]}}],"collection":[{"href":"https:\/\/wp.catedu.es\/inspeccioneducacionteruel\/wp-json\/wp\/v2\/posts"}],"about":[{"href":"https:\/\/wp.catedu.es\/inspeccioneducacionteruel\/wp-json\/wp\/v2\/types\/post"}],"author":[{"embeddable":true,"href":"https:\/\/wp.catedu.es\/inspeccioneducacionteruel\/wp-json\/wp\/v2\/users\/200"}],"replies":[{"embeddable":true,"href":"https:\/\/wp.catedu.es\/inspeccioneducacionteruel\/wp-json\/wp\/v2\/comments?post=198"}],"version-history":[{"count":18,"href":"https:\/\/wp.catedu.es\/inspeccioneducacionteruel\/wp-json\/wp\/v2\/posts\/198\/revisions"}],"predecessor-version":[{"id":1186,"href":"https:\/\/wp.catedu.es\/inspeccioneducacionteruel\/wp-json\/wp\/v2\/posts\/198\/revisions\/1186"}],"wp:attachment":[{"href":"https:\/\/wp.catedu.es\/inspeccioneducacionteruel\/wp-json\/wp\/v2\/media?parent=198"}],"wp:term":[{"taxonomy":"category","embeddable":true,"href":"https:\/\/wp.catedu.es\/inspeccioneducacionteruel\/wp-json\/wp\/v2\/categories?post=198"},{"taxonomy":"post_tag","embeddable":true,"href":"https:\/\/wp.catedu.es\/inspeccioneducacionteruel\/wp-json\/wp\/v2\/tags?post=198"}],"curies":[{"name":"wp","href":"https:\/\/api.w.org\/{rel}","templated":true}]}}