{"id":325,"date":"2018-10-15T09:19:27","date_gmt":"2018-10-15T08:19:27","guid":{"rendered":"http:\/\/wp.catedu.es\/inspeccioneducacionteruel\/?p=325"},"modified":"2022-04-08T11:40:22","modified_gmt":"2022-04-08T10:40:22","slug":"proteccion-del-menor-en-el-ambito-educativo","status":"publish","type":"post","link":"https:\/\/wp.catedu.es\/inspeccioneducacionteruel\/proteccion-del-menor-en-el-ambito-educativo\/","title":{"rendered":"Protecci\u00f3n del menor en el \u00e1mbito educativo"},"content":{"rendered":"<p><img loading=\"lazy\" decoding=\"async\" class=\"alignnone size-full wp-image-752\" src=\"http:\/\/wp.catedu.es\/inspeccioneducacionteruel\/wp-content\/uploads\/sites\/108\/2018\/10\/proteccion-menor.jpg\" alt=\"\" width=\"266\" height=\"190\" \/><\/p>\n<p>En muchas ocasiones, el profesorado de los centros educativos detecta situaciones de riesgo (por circunstancias, carencias o conflictos familiares, sociales y\/o educativos) que afectan a los menores en su desarrollo, en su bienestar o en sus derechos. \u00bfQu\u00e9 hacer en estas circunstancias? \u00bfC\u00f3mo se debe actuar? \u00bfA qui\u00e9n acudir? \u00bfCu\u00e1l es nuestra responsabilidad?<\/p>\n<p>Para intentar dar respuesta a estos interrogantes, el <a href=\"https:\/\/www.aragon.es\/-\/atencion-a-la-infancia-y-a-la-adolescencia.-proteccion\">Instituo Arag\u00f3nes de Servicios Sociales (IASS)<\/a> dispone en su p\u00e1gina web de una completa gu\u00eda de recursos, documentaci\u00f3n, protocolos y enlaces que facilitan la intervenci\u00f3n ordenada de los responsables de los centros educativos.<\/p>\n<p>Por nuestra parte, debemos recordar que la <a href=\"https:\/\/www.boe.es\/buscar\/act.php?id=BOE-A-2021-9347\">Ley Org\u00e1nica 8\/2021, de 4 de junio, de protecci\u00f3n integral a la infancia y la adolescencia frente a la violencia<\/a> recoge que cualquier persona que detecte una situaci\u00f3n de riesgo o posible desamparo de un menor, tiene la obligaci\u00f3n de prestarle auxilio inmediato y de comunicar el hecho a la autoridad o a sus agentes m\u00e1s pr\u00f3ximos. Igualmente, quien por raz\u00f3n de su profesi\u00f3n tenga noticia de una situaci\u00f3n de riesgo o desamparo, lo pondr\u00e1 en conocimiento de la entidad p\u00fablica (Servicios Sociales) y sin perjuicio de la obligaci\u00f3n de prestar el auxilio.<\/p>\n<p>Ponemos a vuestra disposici\u00f3n dos excelentes gu\u00edas de actuaci\u00f3n para los profesionales educativos ante situaciones de riesgo del menor y tambi\u00e9n una presentaci\u00f3n con el actual Sistema de Protecci\u00f3n de Menores en la Comunidad Aut\u00f3noma de Arag\u00f3n:<\/p>\n<p><a href=\"http:\/\/wp.catedu.es\/inspeccioneducacionteruel\/wp-content\/uploads\/sites\/108\/2018\/10\/Guia_proteccion_infancia_adolescencia_ambito_educativo.pdf\">Guia_proteccion_infancia_adolescencia_ambito_educativo<\/a><\/p>\n<p><a href=\"http:\/\/wp.catedu.es\/inspeccioneducacionteruel\/wp-content\/uploads\/sites\/108\/2018\/10\/Maltrato_infantil_guia_ambito_educativo.pdf\">Maltrato_infantil_guia_ambito_educativo<\/a><\/p>\n<p><a href=\"http:\/\/wp.catedu.es\/inspeccioneducacionteruel\/wp-content\/uploads\/sites\/108\/2018\/10\/Sistema_Proteccion_Menores.ppt\">Sistema_Proteccion_Menores<\/a><\/p>\n<p>&nbsp;<\/p>\n<p>&nbsp;<\/p>\n\n<div class=\"twitter-share\"><a href=\"https:\/\/twitter.com\/intent\/tweet?via=eduinsteruel\" class=\"twitter-share-button\" data-size=\"large\">Twittear<\/a><\/div>\n","protected":false},"excerpt":{"rendered":"<p>En muchas ocasiones, el profesorado de los centros educativos detecta situaciones de riesgo (por circunstancias, carencias o conflictos familiares, sociales y\/o educativos) que afectan a los menores en su desarrollo, en su bienestar o en sus derechos. \u00bfQu\u00e9 hacer en estas circunstancias? \u00bfC\u00f3mo se debe actuar? \u00bfA qui\u00e9n acudir? \u00bfCu\u00e1l es nuestra responsabilidad? Para intentar&#8230;<\/p>\n","protected":false},"author":200,"featured_media":0,"comment_status":"closed","ping_status":"closed","sticky":false,"template":"","format":"standard","meta":{"_s2mail":"yes","footnotes":""},"categories":[6],"tags":[],"class_list":["post-325","post","type-post","status-publish","format-standard","hentry","category-convivencia-escolar"],"_links":{"self":[{"href":"https:\/\/wp.catedu.es\/inspeccioneducacionteruel\/wp-json\/wp\/v2\/posts\/325","targetHints":{"allow":["GET"]}}],"collection":[{"href":"https:\/\/wp.catedu.es\/inspeccioneducacionteruel\/wp-json\/wp\/v2\/posts"}],"about":[{"href":"https:\/\/wp.catedu.es\/inspeccioneducacionteruel\/wp-json\/wp\/v2\/types\/post"}],"author":[{"embeddable":true,"href":"https:\/\/wp.catedu.es\/inspeccioneducacionteruel\/wp-json\/wp\/v2\/users\/200"}],"replies":[{"embeddable":true,"href":"https:\/\/wp.catedu.es\/inspeccioneducacionteruel\/wp-json\/wp\/v2\/comments?post=325"}],"version-history":[{"count":9,"href":"https:\/\/wp.catedu.es\/inspeccioneducacionteruel\/wp-json\/wp\/v2\/posts\/325\/revisions"}],"predecessor-version":[{"id":754,"href":"https:\/\/wp.catedu.es\/inspeccioneducacionteruel\/wp-json\/wp\/v2\/posts\/325\/revisions\/754"}],"wp:attachment":[{"href":"https:\/\/wp.catedu.es\/inspeccioneducacionteruel\/wp-json\/wp\/v2\/media?parent=325"}],"wp:term":[{"taxonomy":"category","embeddable":true,"href":"https:\/\/wp.catedu.es\/inspeccioneducacionteruel\/wp-json\/wp\/v2\/categories?post=325"},{"taxonomy":"post_tag","embeddable":true,"href":"https:\/\/wp.catedu.es\/inspeccioneducacionteruel\/wp-json\/wp\/v2\/tags?post=325"}],"curies":[{"name":"wp","href":"https:\/\/api.w.org\/{rel}","templated":true}]}}