{"id":430,"date":"2019-05-02T08:04:00","date_gmt":"2019-05-02T07:04:00","guid":{"rendered":"http:\/\/wp.catedu.es\/inspeccioneducacionteruel\/?p=430"},"modified":"2019-05-02T08:08:49","modified_gmt":"2019-05-02T07:08:49","slug":"profesion-y-profesionalidad-docente","status":"publish","type":"post","link":"https:\/\/wp.catedu.es\/inspeccioneducacionteruel\/profesion-y-profesionalidad-docente\/","title":{"rendered":"Profesi\u00f3n y profesionalidad docente"},"content":{"rendered":"<p>M\u00e1s all\u00e1 de las circunstancias concretas, propias de cada pa\u00eds, son muchos los pa\u00edses que desde hace algunas d\u00e9cadas se han embarcado en un proceso de b\u00fasqueda destinado a encontrar la forma de ordenar el sistema educativo que les permita responder a las exigencias y a las oportunidades propias de la era de la globalizaci\u00f3n, sin olvidar, las exigencias y las necesidades propias del desarrollo humano.<\/p>\n<p>En nuestro pa\u00eds, lo cierto es que el proceso de b\u00fasqueda de un sistema educativo bien ordenado se ha visto condicionado por una dura batalla ideol\u00f3gica y pol\u00edtica. La sensaci\u00f3n que muchas personas y organizaciones tienen es que, desgraciadamente, el ajuste de cuentas con el pasado nos est\u00e1 impidiendo afrontar los retos del futuro. Por eso, quiz\u00e1 haya llegado el momento de que salgamos de este bucle agotador y demos un salto en otra direcci\u00f3n: dise\u00f1ar un sistema educativo cuya piedra angular sea un nuevo modelo de profesi\u00f3n docente. Un modelo de profesi\u00f3n docente que, tomando como referencia la experiencia y el saber acumulado, nos permita afrontar los retos del futuro.<\/p>\n<p>Conscientes de esta situaci\u00f3n, un amplio conjunto de personas y organizaciones impulsadas por la Fundaci\u00f3n COTEC y el Proyecto Atl\u00e1ntida decidieron confiar en el di\u00e1logo y en la voluntad de entendimiento para, preservando la l\u00f3gica propia de la esfera educativa, sin identificarla ni reducirla a la l\u00f3gica pol\u00edtica, avanzar en todos todos aquellos componentes del modelo que pudieran llegar a configurar una soluci\u00f3n aceptable y con plenas garant\u00edas.<\/p>\n<p>Fruto del trabajo, la colaboraci\u00f3n y el consenso entre las partes es el libro <a href=\"https:\/\/www.dialogorede.es\/wp-content\/uploads\/2019\/04\/LIBRO_PROFESION_DOCENTE.pdf\"><em>&#8220;Profesi\u00f3n y profesionalidad docente. Una acci\u00f3n educativa comprometida con el desarrollo humano&#8221;<\/em><\/a>. Esperamos que lo disfrutes.<\/p>\n\n<div class=\"twitter-share\"><a href=\"https:\/\/twitter.com\/intent\/tweet?via=eduinsteruel\" class=\"twitter-share-button\" data-size=\"large\">Twittear<\/a><\/div>\n","protected":false},"excerpt":{"rendered":"<p>M\u00e1s all\u00e1 de las circunstancias concretas, propias de cada pa\u00eds, son muchos los pa\u00edses que desde hace algunas d\u00e9cadas se han embarcado en un proceso de b\u00fasqueda destinado a encontrar la forma de ordenar el sistema educativo que les permita responder a las exigencias y a las oportunidades propias de la era de la globalizaci\u00f3n,&#8230;<\/p>\n","protected":false},"author":200,"featured_media":0,"comment_status":"closed","ping_status":"closed","sticky":false,"template":"","format":"standard","meta":{"_s2mail":"yes","footnotes":""},"categories":[12],"tags":[],"class_list":["post-430","post","type-post","status-publish","format-standard","hentry","category-formacion"],"_links":{"self":[{"href":"https:\/\/wp.catedu.es\/inspeccioneducacionteruel\/wp-json\/wp\/v2\/posts\/430","targetHints":{"allow":["GET"]}}],"collection":[{"href":"https:\/\/wp.catedu.es\/inspeccioneducacionteruel\/wp-json\/wp\/v2\/posts"}],"about":[{"href":"https:\/\/wp.catedu.es\/inspeccioneducacionteruel\/wp-json\/wp\/v2\/types\/post"}],"author":[{"embeddable":true,"href":"https:\/\/wp.catedu.es\/inspeccioneducacionteruel\/wp-json\/wp\/v2\/users\/200"}],"replies":[{"embeddable":true,"href":"https:\/\/wp.catedu.es\/inspeccioneducacionteruel\/wp-json\/wp\/v2\/comments?post=430"}],"version-history":[{"count":2,"href":"https:\/\/wp.catedu.es\/inspeccioneducacionteruel\/wp-json\/wp\/v2\/posts\/430\/revisions"}],"predecessor-version":[{"id":434,"href":"https:\/\/wp.catedu.es\/inspeccioneducacionteruel\/wp-json\/wp\/v2\/posts\/430\/revisions\/434"}],"wp:attachment":[{"href":"https:\/\/wp.catedu.es\/inspeccioneducacionteruel\/wp-json\/wp\/v2\/media?parent=430"}],"wp:term":[{"taxonomy":"category","embeddable":true,"href":"https:\/\/wp.catedu.es\/inspeccioneducacionteruel\/wp-json\/wp\/v2\/categories?post=430"},{"taxonomy":"post_tag","embeddable":true,"href":"https:\/\/wp.catedu.es\/inspeccioneducacionteruel\/wp-json\/wp\/v2\/tags?post=430"}],"curies":[{"name":"wp","href":"https:\/\/api.w.org\/{rel}","templated":true}]}}