{"id":435,"date":"2019-05-22T12:05:06","date_gmt":"2019-05-22T11:05:06","guid":{"rendered":"http:\/\/wp.catedu.es\/inspeccioneducacionteruel\/?p=435"},"modified":"2019-05-22T12:13:40","modified_gmt":"2019-05-22T11:13:40","slug":"curso-formacion-coordinadores-convivencia-e-igualdad","status":"publish","type":"post","link":"https:\/\/wp.catedu.es\/inspeccioneducacionteruel\/curso-formacion-coordinadores-convivencia-e-igualdad\/","title":{"rendered":"Curso Formaci\u00f3n Coordinadores Convivencia e Igualdad"},"content":{"rendered":"<p><img loading=\"lazy\" decoding=\"async\" class=\"alignnone size-medium wp-image-436\" src=\"http:\/\/wp.catedu.es\/inspeccioneducacionteruel\/wp-content\/uploads\/sites\/108\/2019\/05\/20190508_130929-300x169.jpg\" alt=\"\" width=\"300\" height=\"169\" srcset=\"https:\/\/wp.catedu.es\/inspeccioneducacionteruel\/wp-content\/uploads\/sites\/108\/2019\/05\/20190508_130929-300x169.jpg 300w, https:\/\/wp.catedu.es\/inspeccioneducacionteruel\/wp-content\/uploads\/sites\/108\/2019\/05\/20190508_130929-768x432.jpg 768w, https:\/\/wp.catedu.es\/inspeccioneducacionteruel\/wp-content\/uploads\/sites\/108\/2019\/05\/20190508_130929-700x394.jpg 700w, https:\/\/wp.catedu.es\/inspeccioneducacionteruel\/wp-content\/uploads\/sites\/108\/2019\/05\/20190508_130929-800x450.jpg 800w, https:\/\/wp.catedu.es\/inspeccioneducacionteruel\/wp-content\/uploads\/sites\/108\/2019\/05\/20190508_130929.jpg 2048w\" sizes=\"auto, (max-width: 300px) 100vw, 300px\" \/>La elaboraci\u00f3n de los Planes de Igualdad as\u00ed como la aplicaci\u00f3n de medidas educativas encaminadas a favorecer la igualdad en los centros educativos requiere de un proceso previo y paralelo de formaci\u00f3n de los docentes.<\/p>\n<p>Por ello, desde la red de formaci\u00f3n del profesorado se han organizado cuatro jornadas destinadas a las coordinadoras y los coordinadores de Convivencia e Igualdad de todos los centros educativos de nuestra Comunidad Aut\u00f3noma. En el caso de la provincia de Teruel, las jornadas de formaci\u00f3n se han llevado a cabo en la capital, con una asistencia que rondaba las 60 personas en todos los encuentros.<\/p>\n<p>El primer paso para la acci\u00f3n debe ser la reflexi\u00f3n, por lo que la primera jornada se dedic\u00f3 por entero a conocer los principios y fundamentos sobre los que se construye la igualdad de g\u00e9nero, as\u00ed como a ofrecer modelos que sirvieran de gu\u00eda e inspiraci\u00f3n para las personas asistentes. La segunda jornada se centr\u00f3 en las implicaciones que tiene el lenguaje en la contrucci\u00f3n del pensamiento en igualdad. La tercera jornada, centrada en la convivencia, ofrec\u00eda recursos para entender y difundir la estrech\u00edsima vinculaci\u00f3n entre igualdad y convivencia.<\/p>\n<p>Puedes descargar el material de las tres jornadas pinchando en el siguiente <a href=\"https:\/\/drive.google.com\/open?id=1zeMHBpFeL4zck07bN_TbEjjtcLFLGFnO\">enlace<\/a><\/p>\n<p>La cuarta y \u00faltima jornada, realizada unos meses despu\u00e9s, se plante\u00f3 como lugar de encuentro y espacio para compartir y crecer. Primero una ponencia de reflexi\u00f3n sobre las pedagog\u00edas invisibles\u00a0 y la cuesti\u00f3n de genero. Para finalizar, se volcaron las dudas, luces y sombras de un arduo proceso que implica a toda la comunidad educativa y que debe liderar en cada centro los responsables de coordinaci\u00f3n de Igualdad y Convivencia y, por supuesto, los equipos directivos.<\/p>\n<p><a href=\"http:\/\/wp.catedu.es\/inspeccioneducacionteruel\/wp-content\/uploads\/sites\/108\/2019\/05\/Resumen-reflexi\u00f3n-para-la-coordinaci\u00f3n-de-Planes-de-Igualdad.docx\">Resumen reflexi\u00f3n para la coordinaci\u00f3n de Planes de Igualdad<\/a><\/p>\n<p>Se percibi\u00f3 mucha ilusi\u00f3n, as\u00ed como una gran responsabilidad por el esfuerzo colectivo que supone y la trascendencia que este tema debe tener en la educaci\u00f3n. Gracias a todas y todos por vuestra dedicaci\u00f3n e inter\u00e9s.<\/p>\n\n<div class=\"twitter-share\"><a href=\"https:\/\/twitter.com\/intent\/tweet?via=eduinsteruel\" class=\"twitter-share-button\" data-size=\"large\">Twittear<\/a><\/div>\n","protected":false},"excerpt":{"rendered":"<p>La elaboraci\u00f3n de los Planes de Igualdad as\u00ed como la aplicaci\u00f3n de medidas educativas encaminadas a favorecer la igualdad en los centros educativos requiere de un proceso previo y paralelo de formaci\u00f3n de los docentes. Por ello, desde la red de formaci\u00f3n del profesorado se han organizado cuatro jornadas destinadas a las coordinadoras y los&#8230;<\/p>\n","protected":false},"author":200,"featured_media":0,"comment_status":"closed","ping_status":"closed","sticky":false,"template":"","format":"standard","meta":{"_s2mail":"yes","footnotes":""},"categories":[6],"tags":[],"class_list":["post-435","post","type-post","status-publish","format-standard","hentry","category-convivencia-escolar"],"_links":{"self":[{"href":"https:\/\/wp.catedu.es\/inspeccioneducacionteruel\/wp-json\/wp\/v2\/posts\/435","targetHints":{"allow":["GET"]}}],"collection":[{"href":"https:\/\/wp.catedu.es\/inspeccioneducacionteruel\/wp-json\/wp\/v2\/posts"}],"about":[{"href":"https:\/\/wp.catedu.es\/inspeccioneducacionteruel\/wp-json\/wp\/v2\/types\/post"}],"author":[{"embeddable":true,"href":"https:\/\/wp.catedu.es\/inspeccioneducacionteruel\/wp-json\/wp\/v2\/users\/200"}],"replies":[{"embeddable":true,"href":"https:\/\/wp.catedu.es\/inspeccioneducacionteruel\/wp-json\/wp\/v2\/comments?post=435"}],"version-history":[{"count":1,"href":"https:\/\/wp.catedu.es\/inspeccioneducacionteruel\/wp-json\/wp\/v2\/posts\/435\/revisions"}],"predecessor-version":[{"id":438,"href":"https:\/\/wp.catedu.es\/inspeccioneducacionteruel\/wp-json\/wp\/v2\/posts\/435\/revisions\/438"}],"wp:attachment":[{"href":"https:\/\/wp.catedu.es\/inspeccioneducacionteruel\/wp-json\/wp\/v2\/media?parent=435"}],"wp:term":[{"taxonomy":"category","embeddable":true,"href":"https:\/\/wp.catedu.es\/inspeccioneducacionteruel\/wp-json\/wp\/v2\/categories?post=435"},{"taxonomy":"post_tag","embeddable":true,"href":"https:\/\/wp.catedu.es\/inspeccioneducacionteruel\/wp-json\/wp\/v2\/tags?post=435"}],"curies":[{"name":"wp","href":"https:\/\/api.w.org\/{rel}","templated":true}]}}