{"id":532,"date":"2020-02-26T15:17:08","date_gmt":"2020-02-26T14:17:08","guid":{"rendered":"http:\/\/wp.catedu.es\/inspeccioneducacionteruel\/?p=532"},"modified":"2020-02-26T15:21:01","modified_gmt":"2020-02-26T14:21:01","slug":"i-jornada-intercambio-inspecciones-de-teruel-y-castellon","status":"publish","type":"post","link":"https:\/\/wp.catedu.es\/inspeccioneducacionteruel\/i-jornada-intercambio-inspecciones-de-teruel-y-castellon\/","title":{"rendered":"I Jornada Intercambio Inspecciones de Teruel y Castell\u00f3n"},"content":{"rendered":"<p><img loading=\"lazy\" decoding=\"async\" class=\"alignnone size-medium wp-image-533\" src=\"http:\/\/wp.catedu.es\/inspeccioneducacionteruel\/wp-content\/uploads\/sites\/108\/2020\/02\/1_Intercambio_Castellon_01_2020-300x225.jpg\" alt=\"\" width=\"300\" height=\"225\" srcset=\"https:\/\/wp.catedu.es\/inspeccioneducacionteruel\/wp-content\/uploads\/sites\/108\/2020\/02\/1_Intercambio_Castellon_01_2020-300x225.jpg 300w, https:\/\/wp.catedu.es\/inspeccioneducacionteruel\/wp-content\/uploads\/sites\/108\/2020\/02\/1_Intercambio_Castellon_01_2020-700x525.jpg 700w, https:\/\/wp.catedu.es\/inspeccioneducacionteruel\/wp-content\/uploads\/sites\/108\/2020\/02\/1_Intercambio_Castellon_01_2020-768x576.jpg 768w, https:\/\/wp.catedu.es\/inspeccioneducacionteruel\/wp-content\/uploads\/sites\/108\/2020\/02\/1_Intercambio_Castellon_01_2020-1536x1152.jpg 1536w, https:\/\/wp.catedu.es\/inspeccioneducacionteruel\/wp-content\/uploads\/sites\/108\/2020\/02\/1_Intercambio_Castellon_01_2020-2048x1536.jpg 2048w, https:\/\/wp.catedu.es\/inspeccioneducacionteruel\/wp-content\/uploads\/sites\/108\/2020\/02\/1_Intercambio_Castellon_01_2020-800x600.jpg 800w, https:\/\/wp.catedu.es\/inspeccioneducacionteruel\/wp-content\/uploads\/sites\/108\/2020\/02\/1_Intercambio_Castellon_01_2020-80x60.jpg 80w\" sizes=\"auto, (max-width: 300px) 100vw, 300px\" \/><img loading=\"lazy\" decoding=\"async\" class=\"alignnone size-medium wp-image-534\" src=\"http:\/\/wp.catedu.es\/inspeccioneducacionteruel\/wp-content\/uploads\/sites\/108\/2020\/02\/3_Intercambio_Castellon_01_2020-300x225.jpg\" alt=\"\" width=\"300\" height=\"225\" srcset=\"https:\/\/wp.catedu.es\/inspeccioneducacionteruel\/wp-content\/uploads\/sites\/108\/2020\/02\/3_Intercambio_Castellon_01_2020-300x225.jpg 300w, https:\/\/wp.catedu.es\/inspeccioneducacionteruel\/wp-content\/uploads\/sites\/108\/2020\/02\/3_Intercambio_Castellon_01_2020-700x525.jpg 700w, https:\/\/wp.catedu.es\/inspeccioneducacionteruel\/wp-content\/uploads\/sites\/108\/2020\/02\/3_Intercambio_Castellon_01_2020-768x576.jpg 768w, https:\/\/wp.catedu.es\/inspeccioneducacionteruel\/wp-content\/uploads\/sites\/108\/2020\/02\/3_Intercambio_Castellon_01_2020-1536x1152.jpg 1536w, https:\/\/wp.catedu.es\/inspeccioneducacionteruel\/wp-content\/uploads\/sites\/108\/2020\/02\/3_Intercambio_Castellon_01_2020-2048x1536.jpg 2048w, https:\/\/wp.catedu.es\/inspeccioneducacionteruel\/wp-content\/uploads\/sites\/108\/2020\/02\/3_Intercambio_Castellon_01_2020-800x600.jpg 800w, https:\/\/wp.catedu.es\/inspeccioneducacionteruel\/wp-content\/uploads\/sites\/108\/2020\/02\/3_Intercambio_Castellon_01_2020-80x60.jpg 80w\" sizes=\"auto, (max-width: 300px) 100vw, 300px\" \/><\/p>\n<p>El pasado 30 de enero tuvo lugar en la Residencia Internado &#8220;Santa Emerenciana&#8221; de Teruel la I Jornada de Intercambio de las Inspecciones de Educaci\u00f3n de Castell\u00f3n y Teruel. En la misma participamos un total de 25 inspectoras e inspectores de ambas provincias con una apretada agenda y, adem\u00e1s, contamos con la presencia del Director del Servicio Provincial de Educaci\u00f3n, Jes\u00fas Villel, el Director de la Inspecci\u00f3n de Educaci\u00f3n de Arag\u00f3n, Javier Briz, y un representante de la Inspecci\u00f3n General de la Comunidad Valenciana, Miguel Mart\u00ednez.<\/p>\n<p>Agradable jornada en la que tuvimos ocasi\u00f3n de presentar y debatir cuestiones y aspectos que nos interesan a ambas inspecciones (Marco normativo de la Inspecci\u00f3n de Educaci\u00f3n, Plan Provincial de Actividades, Evaluaci\u00f3n de funcionarios en pr\u00e1cticas e Inclusi\u00f3n y procedimientos de actuaci\u00f3n con el alumnado con necesidades de apoyo educativo), as\u00ed como estrechar lazos de colaboraci\u00f3n que facilitar\u00e1n posteriores contactos.<\/p>\n<p>Tras la intensa jornada de trabajo, pudimos disfrutar de una excelente comida en un restaurante de la ciudad de Teruel.<\/p>\n<p>Y esto es solo el principio. Hemos puesto en com\u00fan documentaci\u00f3n y presentaciones, est\u00e1 en funcionamiento una carpeta compartida en google drive y, por supuesto, nos hemos comprometido a continuar con este intercambio en cursos sucesivos: el pr\u00f3ximo curso 2020-21 iremos a Castell\u00f3n a visitar y trabajar con nuestras compa\u00f1eras y compa\u00f1eros de la inspecci\u00f3n provincial.<\/p>\n<p>Gracias a todas las compa\u00f1eras y todos los compa\u00f1eros de las Inspecciones de Teruel y Castell\u00f3n por vuestro esfuerzo, inter\u00e9s y participaci\u00f3n.<\/p>\n<p><a href=\"http:\/\/wp.catedu.es\/inspeccioneducacionteruel\/wp-content\/uploads\/sites\/108\/2020\/02\/Jornada_Intercambio_Inspeccion_Castellon_Teruel_Enero_2020.pdf\">Jornada_Intercambio_Inspeccion_Castellon_Teruel_Enero_2020<\/a><\/p>\n\n<div class=\"twitter-share\"><a href=\"https:\/\/twitter.com\/intent\/tweet?via=eduinsteruel\" class=\"twitter-share-button\" data-size=\"large\">Twittear<\/a><\/div>\n","protected":false},"excerpt":{"rendered":"<p>El pasado 30 de enero tuvo lugar en la Residencia Internado &#8220;Santa Emerenciana&#8221; de Teruel la I Jornada de Intercambio de las Inspecciones de Educaci\u00f3n de Castell\u00f3n y Teruel. En la misma participamos un total de 25 inspectoras e inspectores de ambas provincias con una apretada agenda y, adem\u00e1s, contamos con la presencia del Director&#8230;<\/p>\n","protected":false},"author":200,"featured_media":0,"comment_status":"closed","ping_status":"closed","sticky":false,"template":"","format":"standard","meta":{"_s2mail":"yes","footnotes":""},"categories":[12],"tags":[],"class_list":["post-532","post","type-post","status-publish","format-standard","hentry","category-formacion"],"_links":{"self":[{"href":"https:\/\/wp.catedu.es\/inspeccioneducacionteruel\/wp-json\/wp\/v2\/posts\/532","targetHints":{"allow":["GET"]}}],"collection":[{"href":"https:\/\/wp.catedu.es\/inspeccioneducacionteruel\/wp-json\/wp\/v2\/posts"}],"about":[{"href":"https:\/\/wp.catedu.es\/inspeccioneducacionteruel\/wp-json\/wp\/v2\/types\/post"}],"author":[{"embeddable":true,"href":"https:\/\/wp.catedu.es\/inspeccioneducacionteruel\/wp-json\/wp\/v2\/users\/200"}],"replies":[{"embeddable":true,"href":"https:\/\/wp.catedu.es\/inspeccioneducacionteruel\/wp-json\/wp\/v2\/comments?post=532"}],"version-history":[{"count":3,"href":"https:\/\/wp.catedu.es\/inspeccioneducacionteruel\/wp-json\/wp\/v2\/posts\/532\/revisions"}],"predecessor-version":[{"id":540,"href":"https:\/\/wp.catedu.es\/inspeccioneducacionteruel\/wp-json\/wp\/v2\/posts\/532\/revisions\/540"}],"wp:attachment":[{"href":"https:\/\/wp.catedu.es\/inspeccioneducacionteruel\/wp-json\/wp\/v2\/media?parent=532"}],"wp:term":[{"taxonomy":"category","embeddable":true,"href":"https:\/\/wp.catedu.es\/inspeccioneducacionteruel\/wp-json\/wp\/v2\/categories?post=532"},{"taxonomy":"post_tag","embeddable":true,"href":"https:\/\/wp.catedu.es\/inspeccioneducacionteruel\/wp-json\/wp\/v2\/tags?post=532"}],"curies":[{"name":"wp","href":"https:\/\/api.w.org\/{rel}","templated":true}]}}