{"id":997,"date":"2024-02-26T09:29:49","date_gmt":"2024-02-26T08:29:49","guid":{"rendered":"https:\/\/wp.catedu.es\/inspeccioneducacionteruel\/?p=997"},"modified":"2024-03-04T14:31:13","modified_gmt":"2024-03-04T13:31:13","slug":"unicef-entrega-reconocimiento-centros-referentes-2023","status":"publish","type":"post","link":"https:\/\/wp.catedu.es\/inspeccioneducacionteruel\/unicef-entrega-reconocimiento-centros-referentes-2023\/","title":{"rendered":"UNICEF. Entrega reconocimiento centros referentes 2023."},"content":{"rendered":"\n<p><img loading=\"lazy\" decoding=\"async\" class=\"alignnone size-medium wp-image-998\" src=\"http:\/\/wp.catedu.es\/inspeccioneducacionteruel\/wp-content\/uploads\/sites\/108\/2024\/02\/FOTO-INSTITUCIONAL-UNICEF-CENTRO-REFERENTES-300x200.jpg\" alt=\"\" width=\"300\" height=\"200\" srcset=\"https:\/\/wp.catedu.es\/inspeccioneducacionteruel\/wp-content\/uploads\/sites\/108\/2024\/02\/FOTO-INSTITUCIONAL-UNICEF-CENTRO-REFERENTES-300x200.jpg 300w, https:\/\/wp.catedu.es\/inspeccioneducacionteruel\/wp-content\/uploads\/sites\/108\/2024\/02\/FOTO-INSTITUCIONAL-UNICEF-CENTRO-REFERENTES-700x467.jpg 700w, https:\/\/wp.catedu.es\/inspeccioneducacionteruel\/wp-content\/uploads\/sites\/108\/2024\/02\/FOTO-INSTITUCIONAL-UNICEF-CENTRO-REFERENTES-768x512.jpg 768w, https:\/\/wp.catedu.es\/inspeccioneducacionteruel\/wp-content\/uploads\/sites\/108\/2024\/02\/FOTO-INSTITUCIONAL-UNICEF-CENTRO-REFERENTES-1536x1024.jpg 1536w, https:\/\/wp.catedu.es\/inspeccioneducacionteruel\/wp-content\/uploads\/sites\/108\/2024\/02\/FOTO-INSTITUCIONAL-UNICEF-CENTRO-REFERENTES-2048x1365.jpg 2048w, https:\/\/wp.catedu.es\/inspeccioneducacionteruel\/wp-content\/uploads\/sites\/108\/2024\/02\/FOTO-INSTITUCIONAL-UNICEF-CENTRO-REFERENTES-800x533.jpg 800w\" sizes=\"auto, (max-width: 300px) 100vw, 300px\" \/><\/p>\n<p>El pasado mi\u00e9rcoles, 21 de febrero, tuvo lugar en la sede de UNICEF-Arag\u00f3n el acto de entrega de los diplomas de reconocimiento de centros referentes en derechos de la infancia, obtenidos en la convocatoria del curso 2022-23.<\/p>\n<p>El acto estuvo presidido por el presidente de UNICEF-Arag\u00f3n y la Consejera de Educaci\u00f3n, Ciencia y Universidades del Gobierno de Arag\u00f3n. En el mismo, se hizo entrega de los correspondientes diplomas a los centros educativos de la provincia de Teruel que hab\u00edan participado en la citada convocatoria: <a href=\"https:\/\/sites.google.com\/colegioeljusticiadearagon.es\/colegioalcorisa\/inicio\">CEIP El Justicia de Arag\u00f3n de Alcorisa<\/a>, <a href=\"https:\/\/www.ceearboleda.com\/\">CEE La Arboleda de Teruel<\/a> y <a href=\"http:\/\/crapabloantoniocrespoblog.blogspot.com\/\">CRA Pablo Antonio Crespo de Aliaga<\/a>.<\/p>\n<p>Un acto bonito y sencillo que puso en valor el importante papel que hacen los centros educativos aragoneses en la implementaci\u00f3n de los valores y acciones que sustenta UNICEF, los derechos de todas las ni\u00f1as y ni\u00f1os y su participaci\u00f3n en la mejora de la sociedad actual.<\/p>\n<p><img loading=\"lazy\" decoding=\"async\" class=\"alignnone size-medium wp-image-999\" src=\"http:\/\/wp.catedu.es\/inspeccioneducacionteruel\/wp-content\/uploads\/sites\/108\/2024\/02\/Foto-centros-UNICEF-2023-300x225.jpg\" alt=\"\" width=\"300\" height=\"225\" srcset=\"https:\/\/wp.catedu.es\/inspeccioneducacionteruel\/wp-content\/uploads\/sites\/108\/2024\/02\/Foto-centros-UNICEF-2023-300x225.jpg 300w, https:\/\/wp.catedu.es\/inspeccioneducacionteruel\/wp-content\/uploads\/sites\/108\/2024\/02\/Foto-centros-UNICEF-2023-700x525.jpg 700w, https:\/\/wp.catedu.es\/inspeccioneducacionteruel\/wp-content\/uploads\/sites\/108\/2024\/02\/Foto-centros-UNICEF-2023-768x576.jpg 768w, https:\/\/wp.catedu.es\/inspeccioneducacionteruel\/wp-content\/uploads\/sites\/108\/2024\/02\/Foto-centros-UNICEF-2023-1536x1152.jpg 1536w, https:\/\/wp.catedu.es\/inspeccioneducacionteruel\/wp-content\/uploads\/sites\/108\/2024\/02\/Foto-centros-UNICEF-2023-800x600.jpg 800w, https:\/\/wp.catedu.es\/inspeccioneducacionteruel\/wp-content\/uploads\/sites\/108\/2024\/02\/Foto-centros-UNICEF-2023-80x60.jpg 80w, https:\/\/wp.catedu.es\/inspeccioneducacionteruel\/wp-content\/uploads\/sites\/108\/2024\/02\/Foto-centros-UNICEF-2023.jpg 1600w\" sizes=\"auto, (max-width: 300px) 100vw, 300px\" \/><\/p>\n<p>Aprovechamos la ocasi\u00f3n para felicitar a los colegios participantes por el reconocimiento obtenido y para recordar al resto de centros educativos de la provincia de Teruel que est\u00e1 abierto el plazo para inscribirse en la <a href=\"https:\/\/wp.catedu.es\/inspeccioneducacionteruel\/unicef-centro-referente-en-educacion-en-derechos-de-la-infancia\/\">nueva convocatoria, 2023-24<\/a>.<\/p>\n\n<div class=\"twitter-share\"><a href=\"https:\/\/twitter.com\/intent\/tweet?via=eduinsteruel\" class=\"twitter-share-button\" data-size=\"large\">Twittear<\/a><\/div>\n","protected":false},"excerpt":{"rendered":"<p>El pasado mi\u00e9rcoles, 21 de febrero, tuvo lugar en la sede de UNICEF-Arag\u00f3n el acto de entrega de los diplomas de reconocimiento de centros referentes en derechos de la infancia, obtenidos en la convocatoria del curso 2022-23. El acto estuvo presidido por el presidente de UNICEF-Arag\u00f3n y la Consejera de Educaci\u00f3n, Ciencia y Universidades del&#8230;<\/p>\n","protected":false},"author":200,"featured_media":0,"comment_status":"closed","ping_status":"closed","sticky":false,"template":"","format":"standard","meta":{"_s2mail":"","footnotes":""},"categories":[6,13],"tags":[],"class_list":["post-997","post","type-post","status-publish","format-standard","hentry","category-convivencia-escolar","category-inclusion-educativa"],"_links":{"self":[{"href":"https:\/\/wp.catedu.es\/inspeccioneducacionteruel\/wp-json\/wp\/v2\/posts\/997","targetHints":{"allow":["GET"]}}],"collection":[{"href":"https:\/\/wp.catedu.es\/inspeccioneducacionteruel\/wp-json\/wp\/v2\/posts"}],"about":[{"href":"https:\/\/wp.catedu.es\/inspeccioneducacionteruel\/wp-json\/wp\/v2\/types\/post"}],"author":[{"embeddable":true,"href":"https:\/\/wp.catedu.es\/inspeccioneducacionteruel\/wp-json\/wp\/v2\/users\/200"}],"replies":[{"embeddable":true,"href":"https:\/\/wp.catedu.es\/inspeccioneducacionteruel\/wp-json\/wp\/v2\/comments?post=997"}],"version-history":[{"count":1,"href":"https:\/\/wp.catedu.es\/inspeccioneducacionteruel\/wp-json\/wp\/v2\/posts\/997\/revisions"}],"predecessor-version":[{"id":1000,"href":"https:\/\/wp.catedu.es\/inspeccioneducacionteruel\/wp-json\/wp\/v2\/posts\/997\/revisions\/1000"}],"wp:attachment":[{"href":"https:\/\/wp.catedu.es\/inspeccioneducacionteruel\/wp-json\/wp\/v2\/media?parent=997"}],"wp:term":[{"taxonomy":"category","embeddable":true,"href":"https:\/\/wp.catedu.es\/inspeccioneducacionteruel\/wp-json\/wp\/v2\/categories?post=997"},{"taxonomy":"post_tag","embeddable":true,"href":"https:\/\/wp.catedu.es\/inspeccioneducacionteruel\/wp-json\/wp\/v2\/tags?post=997"}],"curies":[{"name":"wp","href":"https:\/\/api.w.org\/{rel}","templated":true}]}}