{"id":13,"count":20,"description":"Activit\u00e9s rapport\u00e9es au projet \"Ces photos vous parlent?\", r\u00e9alis\u00e9 par les \u00e9l\u00e8ves de 1\u00ba de bach.","link":"https:\/\/wp.catedu.es\/lepoidsdesmots\/category\/projet-ces-photos-vous-parlent\/","name":"PROJET Ces photos vous parlent?","slug":"projet-ces-photos-vous-parlent","taxonomy":"category","parent":0,"meta":[],"_links":{"self":[{"href":"https:\/\/wp.catedu.es\/lepoidsdesmots\/wp-json\/wp\/v2\/categories\/13","targetHints":{"allow":["GET"]}}],"collection":[{"href":"https:\/\/wp.catedu.es\/lepoidsdesmots\/wp-json\/wp\/v2\/categories"}],"about":[{"href":"https:\/\/wp.catedu.es\/lepoidsdesmots\/wp-json\/wp\/v2\/taxonomies\/category"}],"wp:post_type":[{"href":"https:\/\/wp.catedu.es\/lepoidsdesmots\/wp-json\/wp\/v2\/posts?categories=13"}],"curies":[{"name":"wp","href":"https:\/\/api.w.org\/{rel}","templated":true}]}}