{"id":139,"date":"2018-02-20T21:31:08","date_gmt":"2018-02-20T20:31:08","guid":{"rendered":"http:\/\/wp.catedu.es\/lepoidsdesmots\/?p=139"},"modified":"2018-08-29T08:27:34","modified_gmt":"2018-08-29T07:27:34","slug":"lopera-garnier","status":"publish","type":"post","link":"https:\/\/wp.catedu.es\/lepoidsdesmots\/lopera-garnier\/","title":{"rendered":"L\u2019Op\u00e9ra Garnier"},"content":{"rendered":"<p>L\u2019Op\u00e9ra Garnier est aussi connu comme L\u2019Op\u00e9ra de Paris. Elle est situ\u00e9 dans le 9\u00ba arrondissement de Paris ou l\u2019arrondissement de l\u2019Op\u00e9ra. Dans ce b\u00e2timent il se trouve l\u2019Acad\u00e9mie National de la Musique.<\/p>\n<p>Napoleon III a ordonn\u00e9 la construire \u00e0 l\u2019architecte Charles Garnier en 1861 mais elle n\u2019\u00e9tait pas finie jusqu\u2019\u00e0 1874. Pendant sa construction\u00a0 il y avait quelques impr\u00e9vus qui la freinent comme la guerre franco-allemande, la fin du Seconde Impaire Fran\u00e7ais ou la Commune de Paris en 1870. Elle a \u00e9t\u00e9 ouverte le 5 Janvier 1875 avec l\u2019\u0153uvre <em>Juive<\/em> de H\u00e9vy.<\/p>\n<p>Elle a une capacit\u00e9 pour 2200 spectateurs plus ou moins et une sc\u00e8ne pour 450 artistes. \u00c0 propos de sa d\u00e9coration elle a des colonnes avec la repr\u00e9sentation de dieux de la mythologie grecque. Dans sa fa\u00e7ade elle a quelques bustes d\u2019artistes importants comme Mozart et Beethoven. Dans l\u2019int\u00e9rieur il y a une grande araign\u00e9e qui \u00e9claire toute la salle de concert. Il est d\u00e9cor\u00e9 avec des velours, des fleuves dor\u00e9s et quelques nymphes.<\/p>\n<p>L\u2019\u0153uvre <em>Le Fant\u00f4me de l&#8217;Op\u00e9ra <\/em>de Gaston Leroux est d\u00e9velopp\u00e9 dans cette op\u00e9ra.<\/p>\n<p><img loading=\"lazy\" decoding=\"async\" class=\"alignnone size-medium wp-image-140 aligncenter\" src=\"http:\/\/wp.catedu.es\/lepoidsdesmots\/wp-content\/uploads\/sites\/66\/2018\/02\/Palais-Garnier-Op\u00e9ra-de-Paris-Salle-Principale-_-630x405-_-\u00a9-OTCP-300x193.jpg\" alt=\"Palais-Garnier-Op\u00e9ra-de-Paris-Salle-Principale-_-630x405-_-\u00a9-OTCP\" width=\"300\" height=\"193\" srcset=\"https:\/\/wp.catedu.es\/lepoidsdesmots\/wp-content\/uploads\/sites\/66\/2018\/02\/Palais-Garnier-Op\u00e9ra-de-Paris-Salle-Principale-_-630x405-_-\u00a9-OTCP-300x193.jpg 300w, https:\/\/wp.catedu.es\/lepoidsdesmots\/wp-content\/uploads\/sites\/66\/2018\/02\/Palais-Garnier-Op\u00e9ra-de-Paris-Salle-Principale-_-630x405-_-\u00a9-OTCP.jpg 630w\" sizes=\"auto, (max-width: 300px) 100vw, 300px\" \/><\/p>\n","protected":false},"excerpt":{"rendered":"<p>L\u2019Op\u00e9ra Garnier est aussi connu comme L\u2019Op\u00e9ra de Paris. Elle est situ\u00e9 dans le 9\u00ba arrondissement de Paris ou l\u2019arrondissement de l\u2019Op\u00e9ra. Dans ce b\u00e2timent il se trouve l\u2019Acad\u00e9mie National de la Musique. Napoleon III a ordonn\u00e9 la construire \u00e0 l\u2019architecte Charles Garnier en 1861 mais elle n\u2019\u00e9tait pas finie jusqu\u2019\u00e0 1874. Pendant sa construction\u00a0 [&hellip;]<\/p>\n","protected":false},"author":206,"featured_media":0,"comment_status":"closed","ping_status":"closed","sticky":false,"template":"","format":"standard","meta":{"footnotes":""},"categories":[5],"tags":[],"class_list":["post-139","post","type-post","status-publish","format-standard","hentry","category-objectif-paris"],"_links":{"self":[{"href":"https:\/\/wp.catedu.es\/lepoidsdesmots\/wp-json\/wp\/v2\/posts\/139","targetHints":{"allow":["GET"]}}],"collection":[{"href":"https:\/\/wp.catedu.es\/lepoidsdesmots\/wp-json\/wp\/v2\/posts"}],"about":[{"href":"https:\/\/wp.catedu.es\/lepoidsdesmots\/wp-json\/wp\/v2\/types\/post"}],"author":[{"embeddable":true,"href":"https:\/\/wp.catedu.es\/lepoidsdesmots\/wp-json\/wp\/v2\/users\/206"}],"replies":[{"embeddable":true,"href":"https:\/\/wp.catedu.es\/lepoidsdesmots\/wp-json\/wp\/v2\/comments?post=139"}],"version-history":[{"count":1,"href":"https:\/\/wp.catedu.es\/lepoidsdesmots\/wp-json\/wp\/v2\/posts\/139\/revisions"}],"predecessor-version":[{"id":141,"href":"https:\/\/wp.catedu.es\/lepoidsdesmots\/wp-json\/wp\/v2\/posts\/139\/revisions\/141"}],"wp:attachment":[{"href":"https:\/\/wp.catedu.es\/lepoidsdesmots\/wp-json\/wp\/v2\/media?parent=139"}],"wp:term":[{"taxonomy":"category","embeddable":true,"href":"https:\/\/wp.catedu.es\/lepoidsdesmots\/wp-json\/wp\/v2\/categories?post=139"},{"taxonomy":"post_tag","embeddable":true,"href":"https:\/\/wp.catedu.es\/lepoidsdesmots\/wp-json\/wp\/v2\/tags?post=139"}],"curies":[{"name":"wp","href":"https:\/\/api.w.org\/{rel}","templated":true}]}}