{"id":143,"date":"2018-02-20T23:12:20","date_gmt":"2018-02-20T22:12:20","guid":{"rendered":"http:\/\/wp.catedu.es\/lepoidsdesmots\/?p=143"},"modified":"2018-08-29T08:27:24","modified_gmt":"2018-08-29T07:27:24","slug":"le-metro","status":"publish","type":"post","link":"https:\/\/wp.catedu.es\/lepoidsdesmots\/le-metro\/","title":{"rendered":"Le M\u00e9tro"},"content":{"rendered":"<p>D\u00b4abord dans Par\u00eds il y a diff\u00e9rentes fa\u00e7ons de voyager. On peut voyager en m\u00e9tro, tram, bus, taxi, voiture&#8230; Mais la fa\u00e7on la moins ch\u00e8re pour un grand groupe de personnes c&#8217;est le m\u00e9tro. Ce pour \u00e7a que nous d\u00e9placer en m\u00e9tro.<\/p>\n<p>Ensuite le m\u00e9tro de Par\u00eds \u00e9t\u00e9 inaugur\u00e9 le 19 Juillet 1990.<\/p>\n<p>Le m\u00e9tro est exploit\u00e9 par l&#8217;entreprise RATP ( R\u00e9gie Autonome des Transport Parisiens). Il a une grande densit\u00e9 de r\u00e9seau et il a aussi une architecture influenc\u00e9 par l&#8217;Art nouveau.<\/p>\n<p>Certains stations de m\u00e9tro sont tr\u00e8s belles par exemple la station Royal-mus\u00e9e du Louvre est tr\u00e8s originale. De plus il est dans le centre de Par\u00eds entre le Mus\u00e9e du Louvre et le Palais Royal.<\/p>\n<p>En fin je pense que le m\u00e9tro est le meilleur transport pour visiter Par\u00eds parce qu&#8217;il est moins cher et confortable.<\/p>\n<p>&nbsp;<\/p>\n<p><img loading=\"lazy\" decoding=\"async\" class=\"alignnone size-full wp-image-175\" src=\"http:\/\/wp.catedu.es\/lepoidsdesmots\/wp-content\/uploads\/sites\/66\/2018\/02\/index.jpg\" alt=\"index\" width=\"191\" height=\"264\" \/><\/p>\n<p><img loading=\"lazy\" decoding=\"async\" id=\"irc_mi\" src=\"https:\/\/pbs.twimg.com\/media\/CWM_qJNWoAAFCd5.jpg\" alt=\"Imagen relacionada\" width=\"358\" height=\"388\" \/><\/p>\n","protected":false},"excerpt":{"rendered":"<p>D\u00b4abord dans Par\u00eds il y a diff\u00e9rentes fa\u00e7ons de voyager. On peut voyager en m\u00e9tro, tram, bus, taxi, voiture&#8230; Mais la fa\u00e7on la moins ch\u00e8re pour un grand groupe de personnes c&#8217;est le m\u00e9tro. Ce pour \u00e7a que nous d\u00e9placer en m\u00e9tro. Ensuite le m\u00e9tro de Par\u00eds \u00e9t\u00e9 inaugur\u00e9 le 19 Juillet 1990. Le m\u00e9tro [&hellip;]<\/p>\n","protected":false},"author":207,"featured_media":0,"comment_status":"closed","ping_status":"closed","sticky":false,"template":"","format":"image","meta":{"footnotes":""},"categories":[5],"tags":[],"class_list":["post-143","post","type-post","status-publish","format-image","hentry","category-objectif-paris","post_format-post-format-image"],"_links":{"self":[{"href":"https:\/\/wp.catedu.es\/lepoidsdesmots\/wp-json\/wp\/v2\/posts\/143","targetHints":{"allow":["GET"]}}],"collection":[{"href":"https:\/\/wp.catedu.es\/lepoidsdesmots\/wp-json\/wp\/v2\/posts"}],"about":[{"href":"https:\/\/wp.catedu.es\/lepoidsdesmots\/wp-json\/wp\/v2\/types\/post"}],"author":[{"embeddable":true,"href":"https:\/\/wp.catedu.es\/lepoidsdesmots\/wp-json\/wp\/v2\/users\/207"}],"replies":[{"embeddable":true,"href":"https:\/\/wp.catedu.es\/lepoidsdesmots\/wp-json\/wp\/v2\/comments?post=143"}],"version-history":[{"count":4,"href":"https:\/\/wp.catedu.es\/lepoidsdesmots\/wp-json\/wp\/v2\/posts\/143\/revisions"}],"predecessor-version":[{"id":176,"href":"https:\/\/wp.catedu.es\/lepoidsdesmots\/wp-json\/wp\/v2\/posts\/143\/revisions\/176"}],"wp:attachment":[{"href":"https:\/\/wp.catedu.es\/lepoidsdesmots\/wp-json\/wp\/v2\/media?parent=143"}],"wp:term":[{"taxonomy":"category","embeddable":true,"href":"https:\/\/wp.catedu.es\/lepoidsdesmots\/wp-json\/wp\/v2\/categories?post=143"},{"taxonomy":"post_tag","embeddable":true,"href":"https:\/\/wp.catedu.es\/lepoidsdesmots\/wp-json\/wp\/v2\/tags?post=143"}],"curies":[{"name":"wp","href":"https:\/\/api.w.org\/{rel}","templated":true}]}}