{"id":603,"date":"2018-12-20T19:43:57","date_gmt":"2018-12-20T18:43:57","guid":{"rendered":"http:\/\/wp.catedu.es\/lepoidsdesmots\/?p=603"},"modified":"2019-01-14T18:40:03","modified_gmt":"2019-01-14T17:40:03","slug":"compte-rendu-du-project-2","status":"publish","type":"post","link":"https:\/\/wp.catedu.es\/lepoidsdesmots\/compte-rendu-du-project-2\/","title":{"rendered":"COMPTE- RENDU DU PROJET"},"content":{"rendered":"<p>Les \u00e9l\u00e8ves de 1\u00ba Bac nous avons fait un projet avec des photos. Nous sommes douze jeunes et avec notre professeur, treize. On a fait beaucoup de nouvelles choses. On fait des descriptions, un expos\u00e9 oral et une exposition dans le lyc\u00e9e. On a appris beaucoup de vocabulaire pour faire des descriptions et pour faire les expositions. On a appris comment transmettre les \u00e9motions qui \u00e9voquent une photo.<\/p>\n<p>Dans ce projet il y avait des phases\u00a0:<\/p>\n<p>Premi\u00e8re on a fait une description d\u2019une photo, mais tous\u00a0 la m\u00eame photo et il y avait beaucoup de diff\u00e9rents\u00a0\u00a0 histoires, \u00a0seconde on a fait l\u2019expos\u00e9 d\u2019une photo qui nous avons choisie. Cet expos\u00e9 oral \u00e9tait pr\u00e9par\u00e9, apr\u00e8s on a fait l\u2019examen oral d\u2019une photo mais cet expos\u00e9 n\u2019\u00e9tait pas pr\u00e9par\u00e9, on a fait la description d\u2019une photo d\u2019une devanture dans le blog\u00a0 du d\u00e9partement. Nous avons travaill\u00e9 cette description avec une mise en commun, finalement on a fait l\u2019exposition d\u2019une photo d\u2019une devanture prise \u00e0 Calatayud et nous avons pris les photos.<\/p>\n<p>La t\u00e2che finale \u00e9tait une exposition avec nos photos accompagn\u00e9es avec une phrase qui \u00e9voque un sentiment. Faire l\u2019exposition \u00e9tait tr\u00e8s plaisant. J\u2019ai pens\u00e9 qu\u2019est-ce qu\u2019il y avait dans la photo quand le magasin \u00e9tait ouvert, et les gens qui achetaient l\u00e0.<\/p>\n<p>C\u2019\u00e9tait une exp\u00e9rience que je n\u2019avais jamais fait. J\u2019aime la photographie, je fais beaucoup de choses et j\u2019aime faire des photos quand la nuit tombe. J\u2019aime faire des photos au ciel. Mais faire des photos de devantures c\u2019\u00e9tait neuf pour moi. J\u2019ai mais bien faire l\u2019exposition et r\u00e9veiller en moi de nouveaux sentiments.<\/p>\n<p>J\u2019aime faire des choses rapport\u00e9es avec la photographie parce que je l\u2019aime bien. \u00a0Faire ce projet m\u2019a apport\u00e9 beaucoup de choses, de vocabulaire et c\u2019\u00e9tait tr\u00e8s amusant. Je n\u2019aime pas les photos de devantures mais c\u2019\u00e9tait un projet int\u00e9ressant. Je ne fais pas de photos \u00e0 devantures, j\u2019aime plus les photos des gens et je crois que ce serait\u00a0 int\u00e9ressant faire \u00e7a. Ce projet m\u2019a donn\u00e9 l\u2019opportunit\u00e9 de travailler avec des photos au lyc\u00e9e et d\u2019acqu\u00e9rir beaucoup de vocabulaire. Le bilom final est positif parce que ce projet m\u2019a formi beaucoup de nouvelles choses et des exp\u00e9riences en fran\u00e7ais, les t\u00e2ches qu\u2019on a fait \u00e9taient tr\u00e8s int\u00e9ressantes et faire \u00e7a avec des photos c\u2019est tr\u00e8s amusant pour moi.<\/p>\n<p><img loading=\"lazy\" decoding=\"async\" class=\"size-medium wp-image-605 aligncenter\" src=\"http:\/\/wp.catedu.es\/lepoidsdesmots\/wp-content\/uploads\/sites\/66\/2018\/12\/IMG_7882-1-e1545331315977-225x300.jpg\" alt=\"\" width=\"225\" height=\"300\" srcset=\"https:\/\/wp.catedu.es\/lepoidsdesmots\/wp-content\/uploads\/sites\/66\/2018\/12\/IMG_7882-1-e1545331315977-225x300.jpg 225w, https:\/\/wp.catedu.es\/lepoidsdesmots\/wp-content\/uploads\/sites\/66\/2018\/12\/IMG_7882-1-e1545331315977-768x1024.jpg 768w\" sizes=\"auto, (max-width: 225px) 100vw, 225px\" \/><\/p>\n","protected":false},"excerpt":{"rendered":"<p>Les \u00e9l\u00e8ves de 1\u00ba Bac nous avons fait un projet avec des photos. Nous sommes douze jeunes et avec notre professeur, treize. On a fait beaucoup de nouvelles choses. On fait des descriptions, un expos\u00e9 oral et une exposition dans le lyc\u00e9e. On a appris beaucoup de vocabulaire pour faire des descriptions et pour faire [&hellip;]<\/p>\n","protected":false},"author":237,"featured_media":0,"comment_status":"open","ping_status":"closed","sticky":false,"template":"","format":"standard","meta":{"footnotes":""},"categories":[13],"tags":[],"class_list":["post-603","post","type-post","status-publish","format-standard","hentry","category-projet-ces-photos-vous-parlent"],"_links":{"self":[{"href":"https:\/\/wp.catedu.es\/lepoidsdesmots\/wp-json\/wp\/v2\/posts\/603","targetHints":{"allow":["GET"]}}],"collection":[{"href":"https:\/\/wp.catedu.es\/lepoidsdesmots\/wp-json\/wp\/v2\/posts"}],"about":[{"href":"https:\/\/wp.catedu.es\/lepoidsdesmots\/wp-json\/wp\/v2\/types\/post"}],"author":[{"embeddable":true,"href":"https:\/\/wp.catedu.es\/lepoidsdesmots\/wp-json\/wp\/v2\/users\/237"}],"replies":[{"embeddable":true,"href":"https:\/\/wp.catedu.es\/lepoidsdesmots\/wp-json\/wp\/v2\/comments?post=603"}],"version-history":[{"count":2,"href":"https:\/\/wp.catedu.es\/lepoidsdesmots\/wp-json\/wp\/v2\/posts\/603\/revisions"}],"predecessor-version":[{"id":639,"href":"https:\/\/wp.catedu.es\/lepoidsdesmots\/wp-json\/wp\/v2\/posts\/603\/revisions\/639"}],"wp:attachment":[{"href":"https:\/\/wp.catedu.es\/lepoidsdesmots\/wp-json\/wp\/v2\/media?parent=603"}],"wp:term":[{"taxonomy":"category","embeddable":true,"href":"https:\/\/wp.catedu.es\/lepoidsdesmots\/wp-json\/wp\/v2\/categories?post=603"},{"taxonomy":"post_tag","embeddable":true,"href":"https:\/\/wp.catedu.es\/lepoidsdesmots\/wp-json\/wp\/v2\/tags?post=603"}],"curies":[{"name":"wp","href":"https:\/\/api.w.org\/{rel}","templated":true}]}}